{"id":15624,"date":"2022-06-18T00:41:58","date_gmt":"2022-06-18T04:41:58","guid":{"rendered":"https:\/\/www.pedroandretta.info\/index\/2022\/06\/18\/uma-biblioteca-publica-incorpora-um-estudio-de-radio-para-difundir-a-cultura-pel\/"},"modified":"2022-06-18T00:41:58","modified_gmt":"2022-06-18T04:41:58","slug":"uma-biblioteca-publica-incorpora-um-estudio-de-radio-para-difundir-a-cultura-pel","status":"publish","type":"post","link":"https:\/\/www.pedroandretta.info\/index\/2022\/06\/uma-biblioteca-publica-incorpora-um-estudio-de-radio-para-difundir-a-cultura-pel\/","title":{"rendered":"Uma biblioteca p\u00fablica incorpora um est\u00fadio de r\u00e1dio para difundir a cultura pel&#8230;"},"content":{"rendered":"<p>[ad_1]<\/p>\n<p>Uma biblioteca p\u00fablica incorpora um est\u00fadio de r\u00e1dio para difundir a cultura pelas ondas de r\u00e1dio l &#8220;Radio Maconda \u00e9 um projeto de #Divulga\u00e7\u00e3oCultural parte da Xarxa de R\u00e0dios Comunit\u00e0ries de Barcelona [&#8230;]&#8221; #BibliotecasP\u00fablicas \ud83c\uddea\ud83c\uddf8 via @JulianMarquina <a href=\"https:\/\/www.julianmarquina.es\/una-biblioteca-publica-incorpora-un-estudio-de-radio-para-difundir-la-cultura-por-las-ondas\/\" target=\"_blank\" rel=\"noopener\">julianmarquina.es\/una-biblioteca\u2026<\/a><br \/>\n[ad_2]<br \/>\n<br \/>Curadoria: <a href=\"https:\/\/t.co\/qdDIov5LTC\">Projeto Informe-CI<\/a><\/p>\n","protected":false},"excerpt":{"rendered":"<p>[ad_1] Uma biblioteca p\u00fablica incorpora um est\u00fadio de r\u00e1dio para difundir a cultura pelas ondas de r\u00e1dio l &#8220;Radio Maconda \u00e9 um projeto de #Divulga\u00e7\u00e3oCultural parte da Xarxa de R\u00e0dios Comunit\u00e0ries de Barcelona [&#8230;]&#8221; #BibliotecasP\u00fablicas \ud83c\uddea\ud83c\uddf8 via @JulianMarquina julianmarquina.es\/una-biblioteca\u2026 [ad_2] Curadoria: Projeto Informe-CI<\/p>\n","protected":false},"author":1,"featured_media":0,"comment_status":"open","ping_status":"open","sticky":false,"template":"","format":"standard","meta":{"_jetpack_memberships_contains_paid_content":false,"footnotes":"","jetpack_publicize_message":"","jetpack_publicize_feature_enabled":true,"jetpack_social_post_already_shared":true,"jetpack_social_options":{"image_generator_settings":{"template":"highway","default_image_id":0,"font":"","enabled":false},"version":2}},"categories":[21],"tags":[39,3120],"class_list":["post-15624","post","type-post","status-publish","format-standard","hentry","category-informeci","tag-bibliotecaspublicas","tag-divulgacaocultural"],"jetpack_publicize_connections":[],"jetpack_featured_media_url":"","views":"","jetpack_sharing_enabled":true,"_links":{"self":[{"href":"https:\/\/www.pedroandretta.info\/index\/wp-json\/wp\/v2\/posts\/15624","targetHints":{"allow":["GET"]}}],"collection":[{"href":"https:\/\/www.pedroandretta.info\/index\/wp-json\/wp\/v2\/posts"}],"about":[{"href":"https:\/\/www.pedroandretta.info\/index\/wp-json\/wp\/v2\/types\/post"}],"author":[{"embeddable":true,"href":"https:\/\/www.pedroandretta.info\/index\/wp-json\/wp\/v2\/users\/1"}],"replies":[{"embeddable":true,"href":"https:\/\/www.pedroandretta.info\/index\/wp-json\/wp\/v2\/comments?post=15624"}],"version-history":[{"count":0,"href":"https:\/\/www.pedroandretta.info\/index\/wp-json\/wp\/v2\/posts\/15624\/revisions"}],"wp:attachment":[{"href":"https:\/\/www.pedroandretta.info\/index\/wp-json\/wp\/v2\/media?parent=15624"}],"wp:term":[{"taxonomy":"category","embeddable":true,"href":"https:\/\/www.pedroandretta.info\/index\/wp-json\/wp\/v2\/categories?post=15624"},{"taxonomy":"post_tag","embeddable":true,"href":"https:\/\/www.pedroandretta.info\/index\/wp-json\/wp\/v2\/tags?post=15624"}],"curies":[{"name":"wp","href":"https:\/\/api.w.org\/{rel}","templated":true}]}}