{"id":15630,"date":"2022-06-18T00:37:23","date_gmt":"2022-06-18T04:37:23","guid":{"rendered":"https:\/\/www.pedroandretta.info\/index\/2022\/06\/18\/a-democracia-e-os-direitos-civicos-estao-ameacados-pela-desinformacao-l-entr\/"},"modified":"2022-06-18T00:37:23","modified_gmt":"2022-06-18T04:37:23","slug":"a-democracia-e-os-direitos-civicos-estao-ameacados-pela-desinformacao-l-entr","status":"publish","type":"post","link":"https:\/\/www.pedroandretta.info\/index\/2022\/06\/a-democracia-e-os-direitos-civicos-estao-ameacados-pela-desinformacao-l-entr\/","title":{"rendered":"\u201cA democracia e os direitos c\u00edvicos est\u00e3o amea\u00e7ados pela desinforma\u00e7\u00e3o.\u201d l #Entr&#8230;"},"content":{"rendered":"<p>[ad_1]<\/p>\n<p>\u201cA democracia e os direitos c\u00edvicos est\u00e3o amea\u00e7ados pela desinforma\u00e7\u00e3o.\u201d l #Entrevista especial com Katya Vogt, mestre em Pol\u00edticas de Educa\u00e7\u00e3o Internacional pela Harvard Graduate School of Education e diretora da IREX na Ucr\u00e2nia. #Democracia via IHU <a href=\"https:\/\/www.ihu.unisinos.br\/619580-a-democracia-e-os-direitos-civicos-estao-ameacados-pela-desinformacao-entrevista-especial-com-katya-vogt\" target=\"_blank\" rel=\"noopener\">ihu.unisinos.br\/619580-a-democ\u2026<\/a><br \/>\n[ad_2]<br \/>\n<br \/>Curadoria: <a href=\"https:\/\/t.co\/qdDIov5LTC\">Projeto Informe-CI<\/a><\/p>\n","protected":false},"excerpt":{"rendered":"<p>[ad_1] \u201cA democracia e os direitos c\u00edvicos est\u00e3o amea\u00e7ados pela desinforma\u00e7\u00e3o.\u201d l #Entrevista especial com Katya Vogt, mestre em Pol\u00edticas de Educa\u00e7\u00e3o Internacional pela Harvard Graduate School of Education e diretora da IREX na Ucr\u00e2nia. #Democracia via IHU ihu.unisinos.br\/619580-a-democ\u2026 [ad_2] Curadoria: Projeto Informe-CI<\/p>\n","protected":false},"author":1,"featured_media":0,"comment_status":"open","ping_status":"open","sticky":false,"template":"","format":"standard","meta":{"_jetpack_memberships_contains_paid_content":false,"footnotes":"","jetpack_publicize_message":"","jetpack_publicize_feature_enabled":true,"jetpack_social_post_already_shared":true,"jetpack_social_options":{"image_generator_settings":{"template":"highway","default_image_id":0,"font":"","enabled":false},"version":2}},"categories":[21],"tags":[303,601],"class_list":["post-15630","post","type-post","status-publish","format-standard","hentry","category-informeci","tag-democracia","tag-entrevista"],"jetpack_publicize_connections":[],"jetpack_featured_media_url":"","views":"","jetpack_sharing_enabled":true,"_links":{"self":[{"href":"https:\/\/www.pedroandretta.info\/index\/wp-json\/wp\/v2\/posts\/15630","targetHints":{"allow":["GET"]}}],"collection":[{"href":"https:\/\/www.pedroandretta.info\/index\/wp-json\/wp\/v2\/posts"}],"about":[{"href":"https:\/\/www.pedroandretta.info\/index\/wp-json\/wp\/v2\/types\/post"}],"author":[{"embeddable":true,"href":"https:\/\/www.pedroandretta.info\/index\/wp-json\/wp\/v2\/users\/1"}],"replies":[{"embeddable":true,"href":"https:\/\/www.pedroandretta.info\/index\/wp-json\/wp\/v2\/comments?post=15630"}],"version-history":[{"count":0,"href":"https:\/\/www.pedroandretta.info\/index\/wp-json\/wp\/v2\/posts\/15630\/revisions"}],"wp:attachment":[{"href":"https:\/\/www.pedroandretta.info\/index\/wp-json\/wp\/v2\/media?parent=15630"}],"wp:term":[{"taxonomy":"category","embeddable":true,"href":"https:\/\/www.pedroandretta.info\/index\/wp-json\/wp\/v2\/categories?post=15630"},{"taxonomy":"post_tag","embeddable":true,"href":"https:\/\/www.pedroandretta.info\/index\/wp-json\/wp\/v2\/tags?post=15630"}],"curies":[{"name":"wp","href":"https:\/\/api.w.org\/{rel}","templated":true}]}}