{"id":15661,"date":"2022-06-20T21:13:42","date_gmt":"2022-06-21T01:13:42","guid":{"rendered":"https:\/\/www.pedroandretta.info\/index\/2022\/06\/20\/guia-para-a-aplicacao-da-perspectiva-de-genero-em-bibliotecas-l-o-subcomite-de-g\/"},"modified":"2022-06-20T21:13:42","modified_gmt":"2022-06-21T01:13:42","slug":"guia-para-a-aplicacao-da-perspectiva-de-genero-em-bibliotecas-l-o-subcomite-de-g","status":"publish","type":"post","link":"https:\/\/www.pedroandretta.info\/index\/2022\/06\/guia-para-a-aplicacao-da-perspectiva-de-genero-em-bibliotecas-l-o-subcomite-de-g\/","title":{"rendered":"Guia para a aplica\u00e7\u00e3o da perspectiva de g\u00eanero em bibliotecas l O Subcomit\u00ea de G&#8230;"},"content":{"rendered":"<p>[ad_1]<br \/>\n<img data-recalc-dims=\"1\" decoding=\"async\" src=\"https:\/\/i0.wp.com\/pbs.twimg.com\/media\/FVvQXL8WUAA85UV.jpg?w=696&#038;ssl=1\" \/><\/p>\n<p>Guia para a aplica\u00e7\u00e3o da perspectiva de g\u00eanero em bibliotecas l O Subcomit\u00ea de G\u00eanero e Diversidade da ABGRA elaboraram este guia com os principais pontos da perspectiva de g\u00eanero para bibliotecas. #Guias #G\u00eanero #Bibliotecas \ud83c\uddea\ud83c\uddf8 via @sbibliotecario <a href=\"https:\/\/soybibliotecario.blogspot.com\/2022\/06\/guia-para-la-aplicacion-de-la.html\" target=\"_blank\" rel=\"noopener\">soybibliotecario.blogspot.com\/2022\/06\/guia-p\u2026<\/a> <a href=\"https:\/\/t.co\/2ctISVFGlJ\" target=\"_blank\" rel=\"noopener\">https:\/\/t.co\/2ctISVFGlJ<\/a><br \/>\n[ad_2]<br \/>\n<br \/>Curadoria: <a href=\"https:\/\/t.co\/qdDIov5LTC\">Projeto Informe-CI<\/a><\/p>\n","protected":false},"excerpt":{"rendered":"<p>[ad_1] Guia para a aplica\u00e7\u00e3o da perspectiva de g\u00eanero em bibliotecas l O Subcomit\u00ea de G\u00eanero e Diversidade da ABGRA elaboraram este guia com os principais pontos da perspectiva de g\u00eanero para bibliotecas. #Guias #G\u00eanero #Bibliotecas \ud83c\uddea\ud83c\uddf8 via @sbibliotecario soybibliotecario.blogspot.com\/2022\/06\/guia-p\u2026 https:\/\/t.co\/2ctISVFGlJ [ad_2] Curadoria: Projeto Informe-CI<\/p>\n","protected":false},"author":1,"featured_media":15662,"comment_status":"open","ping_status":"open","sticky":false,"template":"","format":"standard","meta":{"_jetpack_memberships_contains_paid_content":false,"footnotes":"","jetpack_publicize_message":"","jetpack_publicize_feature_enabled":true,"jetpack_social_post_already_shared":true,"jetpack_social_options":{"image_generator_settings":{"template":"highway","default_image_id":0,"font":"","enabled":false},"version":2}},"categories":[21],"tags":[38,178,2206],"class_list":["post-15661","post","type-post","status-publish","format-standard","has-post-thumbnail","hentry","category-informeci","tag-bibliotecas","tag-genero","tag-guias"],"jetpack_publicize_connections":[],"jetpack_featured_media_url":"https:\/\/i0.wp.com\/www.pedroandretta.info\/index\/wp-content\/uploads\/2022\/06\/FVvQXL8WUAA85UV.jpg?fit=512%2C711&ssl=1","views":"","jetpack_sharing_enabled":true,"_links":{"self":[{"href":"https:\/\/www.pedroandretta.info\/index\/wp-json\/wp\/v2\/posts\/15661","targetHints":{"allow":["GET"]}}],"collection":[{"href":"https:\/\/www.pedroandretta.info\/index\/wp-json\/wp\/v2\/posts"}],"about":[{"href":"https:\/\/www.pedroandretta.info\/index\/wp-json\/wp\/v2\/types\/post"}],"author":[{"embeddable":true,"href":"https:\/\/www.pedroandretta.info\/index\/wp-json\/wp\/v2\/users\/1"}],"replies":[{"embeddable":true,"href":"https:\/\/www.pedroandretta.info\/index\/wp-json\/wp\/v2\/comments?post=15661"}],"version-history":[{"count":0,"href":"https:\/\/www.pedroandretta.info\/index\/wp-json\/wp\/v2\/posts\/15661\/revisions"}],"wp:featuredmedia":[{"embeddable":true,"href":"https:\/\/www.pedroandretta.info\/index\/wp-json\/wp\/v2\/media\/15662"}],"wp:attachment":[{"href":"https:\/\/www.pedroandretta.info\/index\/wp-json\/wp\/v2\/media?parent=15661"}],"wp:term":[{"taxonomy":"category","embeddable":true,"href":"https:\/\/www.pedroandretta.info\/index\/wp-json\/wp\/v2\/categories?post=15661"},{"taxonomy":"post_tag","embeddable":true,"href":"https:\/\/www.pedroandretta.info\/index\/wp-json\/wp\/v2\/tags?post=15661"}],"curies":[{"name":"wp","href":"https:\/\/api.w.org\/{rel}","templated":true}]}}