{"id":15663,"date":"2022-06-20T22:04:16","date_gmt":"2022-06-21T02:04:16","guid":{"rendered":"https:\/\/www.pedroandretta.info\/index\/2022\/06\/20\/educacao-uma-informacao-social-l-as-necessidades-informacionais-sao-moment\/"},"modified":"2022-06-20T22:04:16","modified_gmt":"2022-06-21T02:04:16","slug":"educacao-uma-informacao-social-l-as-necessidades-informacionais-sao-moment","status":"publish","type":"post","link":"https:\/\/www.pedroandretta.info\/index\/2022\/06\/educacao-uma-informacao-social-l-as-necessidades-informacionais-sao-moment\/","title":{"rendered":"Educa\u00e7\u00e3o: uma informa\u00e7\u00e3o social l\u201c[&#8230;]as necessidades informacionais s\u00e3o moment&#8230;"},"content":{"rendered":"<p>[ad_1]<\/p>\n<p>Educa\u00e7\u00e3o: uma informa\u00e7\u00e3o social l\u201c[&#8230;]as necessidades informacionais s\u00e3o moment\u00e2neas e podem gerar outras demandas, movimentando, assim, a din\u00e2mica e as mudan\u00e7as nas rela\u00e7\u00f5es de uma sociedade\u201d #Informa\u00e7\u00e3oSocial #Media\u00e7\u00e3oDaInforma\u00e7\u00e3o #Educa\u00e7\u00e3o via InfoHome <a href=\"https:\/\/www.ofaj.com.br\/pesquisa_conteudo.php?cod=1393\" target=\"_blank\" rel=\"noopener\">ofaj.com.br\/pesquisa_conte\u2026<\/a><br \/>\n[ad_2]<br \/>\n<br \/>Curadoria: <a href=\"https:\/\/t.co\/qdDIov5LTC\">Projeto Informe-CI<\/a><\/p>\n","protected":false},"excerpt":{"rendered":"<p>[ad_1] Educa\u00e7\u00e3o: uma informa\u00e7\u00e3o social l\u201c[&#8230;]as necessidades informacionais s\u00e3o moment\u00e2neas e podem gerar outras demandas, movimentando, assim, a din\u00e2mica e as mudan\u00e7as nas rela\u00e7\u00f5es de uma sociedade\u201d #Informa\u00e7\u00e3oSocial #Media\u00e7\u00e3oDaInforma\u00e7\u00e3o #Educa\u00e7\u00e3o via InfoHome ofaj.com.br\/pesquisa_conte\u2026 [ad_2] Curadoria: Projeto Informe-CI<\/p>\n","protected":false},"author":1,"featured_media":0,"comment_status":"open","ping_status":"open","sticky":false,"template":"","format":"standard","meta":{"_jetpack_memberships_contains_paid_content":false,"footnotes":"","jetpack_publicize_message":"","jetpack_publicize_feature_enabled":true,"jetpack_social_post_already_shared":true,"jetpack_social_options":{"image_generator_settings":{"template":"highway","default_image_id":0,"font":"","enabled":false},"version":2}},"categories":[21],"tags":[45,3125,509],"class_list":["post-15663","post","type-post","status-publish","format-standard","hentry","category-informeci","tag-educacao","tag-informacaosocial","tag-mediacaodainformacao"],"jetpack_publicize_connections":[],"jetpack_featured_media_url":"","views":"","jetpack_sharing_enabled":true,"_links":{"self":[{"href":"https:\/\/www.pedroandretta.info\/index\/wp-json\/wp\/v2\/posts\/15663","targetHints":{"allow":["GET"]}}],"collection":[{"href":"https:\/\/www.pedroandretta.info\/index\/wp-json\/wp\/v2\/posts"}],"about":[{"href":"https:\/\/www.pedroandretta.info\/index\/wp-json\/wp\/v2\/types\/post"}],"author":[{"embeddable":true,"href":"https:\/\/www.pedroandretta.info\/index\/wp-json\/wp\/v2\/users\/1"}],"replies":[{"embeddable":true,"href":"https:\/\/www.pedroandretta.info\/index\/wp-json\/wp\/v2\/comments?post=15663"}],"version-history":[{"count":0,"href":"https:\/\/www.pedroandretta.info\/index\/wp-json\/wp\/v2\/posts\/15663\/revisions"}],"wp:attachment":[{"href":"https:\/\/www.pedroandretta.info\/index\/wp-json\/wp\/v2\/media?parent=15663"}],"wp:term":[{"taxonomy":"category","embeddable":true,"href":"https:\/\/www.pedroandretta.info\/index\/wp-json\/wp\/v2\/categories?post=15663"},{"taxonomy":"post_tag","embeddable":true,"href":"https:\/\/www.pedroandretta.info\/index\/wp-json\/wp\/v2\/tags?post=15663"}],"curies":[{"name":"wp","href":"https:\/\/api.w.org\/{rel}","templated":true}]}}