{"id":15714,"date":"2022-06-25T03:03:44","date_gmt":"2022-06-25T07:03:44","guid":{"rendered":"https:\/\/www.pedroandretta.info\/index\/2022\/06\/25\/artigos-de-dados-e-fair-l-a-inclusao-do-artigo-de-dados-no-ambiente-de-publica\/"},"modified":"2022-06-25T03:03:44","modified_gmt":"2022-06-25T07:03:44","slug":"artigos-de-dados-e-fair-l-a-inclusao-do-artigo-de-dados-no-ambiente-de-publica","status":"publish","type":"post","link":"https:\/\/www.pedroandretta.info\/index\/2022\/06\/artigos-de-dados-e-fair-l-a-inclusao-do-artigo-de-dados-no-ambiente-de-publica\/","title":{"rendered":"Artigos de dados\u2026 e FAIR l \u201cA inclus\u00e3o do artigo de dados no ambiente de publica&#8230;"},"content":{"rendered":"<p>[ad_1]<br \/>\n<img data-recalc-dims=\"1\" height=\"180\" width=\"300\" decoding=\"async\" src=\"https:\/\/i0.wp.com\/blog.scielo.org\/wp-content\/uploads\/2022\/06\/data-paper-5-1536x1017-1-300x180.jpg?resize=300%2C180&#038;ssl=1\"\/><\/p>\n<p>Artigos de dados\u2026 e FAIR l \u201cA inclus\u00e3o do artigo de dados no ambiente de publica\u00e7\u00e3o acad\u00eamica representa uma mudan\u00e7a na organiza\u00e7\u00e3o do conhecimento, suavizando fronteiras e alterando prioridades [&#8230;]\u201c #ArtigoDeDados #FAIR via SciELO em Perspectiva <a href=\"https:\/\/blog.scielo.org\/blog\/2022\/06\/24\/artigos-de-dados-e-fair\/\" target=\"_blank\" rel=\"noopener\">blog.scielo.org\/blog\/2022\/06\/2\u2026<\/a><br \/>\n[ad_2]<br \/>\n<br \/>Curadoria: <a href=\"https:\/\/t.co\/qdDIov5LTC\">Projeto Informe-CI<\/a><\/p>\n","protected":false},"excerpt":{"rendered":"<p>[ad_1] Artigos de dados\u2026 e FAIR l \u201cA inclus\u00e3o do artigo de dados no ambiente de publica\u00e7\u00e3o acad\u00eamica representa uma mudan\u00e7a na organiza\u00e7\u00e3o do conhecimento, suavizando fronteiras e alterando prioridades [&#8230;]\u201c #ArtigoDeDados #FAIR via SciELO em Perspectiva blog.scielo.org\/blog\/2022\/06\/2\u2026 [ad_2] Curadoria: Projeto Informe-CI<\/p>\n","protected":false},"author":1,"featured_media":15715,"comment_status":"open","ping_status":"open","sticky":false,"template":"","format":"standard","meta":{"_jetpack_newsletter_access":"","_jetpack_dont_email_post_to_subs":false,"_jetpack_newsletter_tier_id":0,"_jetpack_memberships_contains_paywalled_content":false,"_jetpack_feature_clip_id":0,"_jetpack_memberships_contains_paid_content":false,"footnotes":"","jetpack_publicize_message":"","jetpack_publicize_feature_enabled":true,"jetpack_social_post_already_shared":true,"jetpack_social_options":{"image_generator_settings":{"template":"highway","default_image_id":0,"font":"","enabled":false},"version":2},"jetpack_post_was_ever_published":false},"categories":[21],"tags":[826,116],"class_list":["post-15714","post","type-post","status-publish","format-standard","has-post-thumbnail","hentry","category-informeci","tag-artigodedados","tag-fair"],"jetpack_publicize_connections":[],"jetpack_featured_media_url":"https:\/\/i0.wp.com\/www.pedroandretta.info\/index\/wp-content\/uploads\/2022\/06\/data-paper-5-1536x1017-1-300x180.jpg?fit=300%2C180&ssl=1","views":"","jetpack_sharing_enabled":true,"_links":{"self":[{"href":"https:\/\/www.pedroandretta.info\/index\/wp-json\/wp\/v2\/posts\/15714","targetHints":{"allow":["GET"]}}],"collection":[{"href":"https:\/\/www.pedroandretta.info\/index\/wp-json\/wp\/v2\/posts"}],"about":[{"href":"https:\/\/www.pedroandretta.info\/index\/wp-json\/wp\/v2\/types\/post"}],"author":[{"embeddable":true,"href":"https:\/\/www.pedroandretta.info\/index\/wp-json\/wp\/v2\/users\/1"}],"replies":[{"embeddable":true,"href":"https:\/\/www.pedroandretta.info\/index\/wp-json\/wp\/v2\/comments?post=15714"}],"version-history":[{"count":0,"href":"https:\/\/www.pedroandretta.info\/index\/wp-json\/wp\/v2\/posts\/15714\/revisions"}],"wp:featuredmedia":[{"embeddable":true,"href":"https:\/\/www.pedroandretta.info\/index\/wp-json\/wp\/v2\/media\/15715"}],"wp:attachment":[{"href":"https:\/\/www.pedroandretta.info\/index\/wp-json\/wp\/v2\/media?parent=15714"}],"wp:term":[{"taxonomy":"category","embeddable":true,"href":"https:\/\/www.pedroandretta.info\/index\/wp-json\/wp\/v2\/categories?post=15714"},{"taxonomy":"post_tag","embeddable":true,"href":"https:\/\/www.pedroandretta.info\/index\/wp-json\/wp\/v2\/tags?post=15714"}],"curies":[{"name":"wp","href":"https:\/\/api.w.org\/{rel}","templated":true}]}}