{"id":15758,"date":"2022-06-27T17:49:46","date_gmt":"2022-06-27T21:49:46","guid":{"rendered":"https:\/\/www.pedroandretta.info\/index\/2022\/06\/27\/brasil-e-um-dos-paises-que-mais-rejeitam-a-informacao-e-o-consumo-de-noticias-l\/"},"modified":"2022-06-27T17:49:46","modified_gmt":"2022-06-27T21:49:46","slug":"brasil-e-um-dos-paises-que-mais-rejeitam-a-informacao-e-o-consumo-de-noticias-l","status":"publish","type":"post","link":"https:\/\/www.pedroandretta.info\/index\/2022\/06\/brasil-e-um-dos-paises-que-mais-rejeitam-a-informacao-e-o-consumo-de-noticias-l\/","title":{"rendered":"Brasil \u00e9 um dos pa\u00edses que mais rejeitam a informa\u00e7\u00e3o e o consumo de not\u00edcias l &#8230;"},"content":{"rendered":"<p>[ad_1]<br \/>\n<img decoding=\"async\" src=\"https:\/\/i0.wp.com\/jornal.usp.br\/wp-content\/uploads\/2021\/07\/pod_colunistas_carlos_eduardo_lins.jpg?fit=1024%2C1024&amp;ssl=1\"\/><\/p>\n<p>Brasil \u00e9 um dos pa\u00edses que mais rejeitam a informa\u00e7\u00e3o e o consumo de not\u00edcias l \u201cNo mundo inteiro, 42% das pessoas com menos de 35 anos evitam ativamente as not\u00edcias\u201c #ConsumoDeInforma\u00e7\u00e3o  via Jornal da USP <a href=\"https:\/\/jornal.usp.br\/radio-usp\/brasil-e-um-dos-paises-que-mais-rejeitam-a-informacao-e-o-consumo-de-noticias\/\" target=\"_blank\" rel=\"noopener\">jornal.usp.br\/radio-usp\/bras\u2026<\/a><br \/>\n[ad_2]<br \/>\n<br \/>Curadoria: <a href=\"https:\/\/t.co\/qdDIov5LTC\">Projeto Informe-CI<\/a><\/p>\n","protected":false},"excerpt":{"rendered":"<p>[ad_1] Brasil \u00e9 um dos pa\u00edses que mais rejeitam a informa\u00e7\u00e3o e o consumo de not\u00edcias l \u201cNo mundo inteiro, 42% das pessoas com menos de 35 anos evitam ativamente as not\u00edcias\u201c #ConsumoDeInforma\u00e7\u00e3o via Jornal da USP jornal.usp.br\/radio-usp\/bras\u2026 [ad_2] Curadoria: Projeto Informe-CI<\/p>\n","protected":false},"author":1,"featured_media":15759,"comment_status":"open","ping_status":"open","sticky":false,"template":"","format":"standard","meta":{"_jetpack_memberships_contains_paid_content":false,"footnotes":"","jetpack_publicize_message":"","jetpack_publicize_feature_enabled":true,"jetpack_social_post_already_shared":true,"jetpack_social_options":{"image_generator_settings":{"template":"highway","default_image_id":0,"font":"","enabled":false},"version":2}},"categories":[21],"tags":[2012],"class_list":["post-15758","post","type-post","status-publish","format-standard","has-post-thumbnail","hentry","category-informeci","tag-consumodeinformacao"],"jetpack_publicize_connections":[],"jetpack_featured_media_url":"https:\/\/i0.wp.com\/www.pedroandretta.info\/index\/wp-content\/uploads\/2022\/06\/pod_colunistas_carlos_eduardo_lins.jpg?fit=1024%2C1024&ssl=1","views":"","jetpack_sharing_enabled":true,"_links":{"self":[{"href":"https:\/\/www.pedroandretta.info\/index\/wp-json\/wp\/v2\/posts\/15758","targetHints":{"allow":["GET"]}}],"collection":[{"href":"https:\/\/www.pedroandretta.info\/index\/wp-json\/wp\/v2\/posts"}],"about":[{"href":"https:\/\/www.pedroandretta.info\/index\/wp-json\/wp\/v2\/types\/post"}],"author":[{"embeddable":true,"href":"https:\/\/www.pedroandretta.info\/index\/wp-json\/wp\/v2\/users\/1"}],"replies":[{"embeddable":true,"href":"https:\/\/www.pedroandretta.info\/index\/wp-json\/wp\/v2\/comments?post=15758"}],"version-history":[{"count":0,"href":"https:\/\/www.pedroandretta.info\/index\/wp-json\/wp\/v2\/posts\/15758\/revisions"}],"wp:featuredmedia":[{"embeddable":true,"href":"https:\/\/www.pedroandretta.info\/index\/wp-json\/wp\/v2\/media\/15759"}],"wp:attachment":[{"href":"https:\/\/www.pedroandretta.info\/index\/wp-json\/wp\/v2\/media?parent=15758"}],"wp:term":[{"taxonomy":"category","embeddable":true,"href":"https:\/\/www.pedroandretta.info\/index\/wp-json\/wp\/v2\/categories?post=15758"},{"taxonomy":"post_tag","embeddable":true,"href":"https:\/\/www.pedroandretta.info\/index\/wp-json\/wp\/v2\/tags?post=15758"}],"curies":[{"name":"wp","href":"https:\/\/api.w.org\/{rel}","templated":true}]}}