{"id":15817,"date":"2022-07-01T17:49:52","date_gmt":"2022-07-01T21:49:52","guid":{"rendered":"https:\/\/www.pedroandretta.info\/index\/2022\/07\/01\/professor-de-sociologia-e-demitido-de-colegio-particular-apos-criticas-sobre-tir\/"},"modified":"2022-07-01T17:49:52","modified_gmt":"2022-07-01T21:49:52","slug":"professor-de-sociologia-e-demitido-de-colegio-particular-apos-criticas-sobre-tir","status":"publish","type":"post","link":"https:\/\/www.pedroandretta.info\/index\/2022\/07\/professor-de-sociologia-e-demitido-de-colegio-particular-apos-criticas-sobre-tir\/","title":{"rendered":"Professor de sociologia \u00e9 demitido de col\u00e9gio particular ap\u00f3s cr\u00edticas sobre tir&#8230;"},"content":{"rendered":"<p>[ad_1]<br \/>\n<img data-recalc-dims=\"1\" decoding=\"async\" src=\"https:\/\/i0.wp.com\/pbs.twimg.com\/media\/FWnMM_WXoAEEm_O.jpg?w=696&#038;ssl=1\" \/><\/p>\n<p>Professor de sociologia \u00e9 demitido de col\u00e9gio particular ap\u00f3s cr\u00edticas sobre tirinha usada em atividade, em Goi\u00e2nia l\u201dQuadrinista Andr\u00e9 Dahmer comenta demiss\u00e3o de professor do Col\u00e9gio Vis\u00e3o\u201d. (D\u00e1 zero pra escola!) #Tirinha #Persegui\u00e7\u00e3o  #Censura #GO via G1 <a href=\"https:\/\/g1.globo.com\/go\/goias\/noticia\/2022\/06\/30\/professor-de-sociologia-e-demitido-de-colegio-particular-apos-criticas-sobre-trinha-usada-em-atividade-em-goiania.ghtml\" target=\"_blank\" rel=\"noopener\">g1.globo.com\/go\/goias\/notic\u2026<\/a> <a href=\"https:\/\/t.co\/HGXHmJGN4o\" target=\"_blank\" rel=\"noopener\">https:\/\/t.co\/HGXHmJGN4o<\/a><br \/>\n[ad_2]<br \/>\n<br \/>Curadoria: <a href=\"https:\/\/t.co\/qdDIov5LTC\">Projeto Informe-CI<\/a><\/p>\n","protected":false},"excerpt":{"rendered":"<p>[ad_1] Professor de sociologia \u00e9 demitido de col\u00e9gio particular ap\u00f3s cr\u00edticas sobre tirinha usada em atividade, em Goi\u00e2nia l\u201dQuadrinista Andr\u00e9 Dahmer comenta demiss\u00e3o de professor do Col\u00e9gio Vis\u00e3o\u201d. (D\u00e1 zero pra escola!) #Tirinha #Persegui\u00e7\u00e3o #Censura #GO via G1 g1.globo.com\/go\/goias\/notic\u2026 https:\/\/t.co\/HGXHmJGN4o [ad_2] Curadoria: Projeto Informe-CI<\/p>\n","protected":false},"author":1,"featured_media":15818,"comment_status":"open","ping_status":"open","sticky":false,"template":"","format":"standard","meta":{"_jetpack_memberships_contains_paid_content":false,"footnotes":"","jetpack_publicize_message":"","jetpack_publicize_feature_enabled":true,"jetpack_social_post_already_shared":true,"jetpack_social_options":{"image_generator_settings":{"template":"highway","default_image_id":0,"font":"","enabled":false},"version":2}},"categories":[21],"tags":[168,3147,3146,2773],"class_list":["post-15817","post","type-post","status-publish","format-standard","has-post-thumbnail","hentry","category-informeci","tag-censura","tag-go","tag-perseguicao","tag-tirinha"],"jetpack_publicize_connections":[],"jetpack_featured_media_url":"https:\/\/i0.wp.com\/www.pedroandretta.info\/index\/wp-content\/uploads\/2022\/07\/FWnMM_WXoAEEm_O.jpg?fit=1136%2C426&ssl=1","views":"","jetpack_sharing_enabled":true,"_links":{"self":[{"href":"https:\/\/www.pedroandretta.info\/index\/wp-json\/wp\/v2\/posts\/15817","targetHints":{"allow":["GET"]}}],"collection":[{"href":"https:\/\/www.pedroandretta.info\/index\/wp-json\/wp\/v2\/posts"}],"about":[{"href":"https:\/\/www.pedroandretta.info\/index\/wp-json\/wp\/v2\/types\/post"}],"author":[{"embeddable":true,"href":"https:\/\/www.pedroandretta.info\/index\/wp-json\/wp\/v2\/users\/1"}],"replies":[{"embeddable":true,"href":"https:\/\/www.pedroandretta.info\/index\/wp-json\/wp\/v2\/comments?post=15817"}],"version-history":[{"count":0,"href":"https:\/\/www.pedroandretta.info\/index\/wp-json\/wp\/v2\/posts\/15817\/revisions"}],"wp:featuredmedia":[{"embeddable":true,"href":"https:\/\/www.pedroandretta.info\/index\/wp-json\/wp\/v2\/media\/15818"}],"wp:attachment":[{"href":"https:\/\/www.pedroandretta.info\/index\/wp-json\/wp\/v2\/media?parent=15817"}],"wp:term":[{"taxonomy":"category","embeddable":true,"href":"https:\/\/www.pedroandretta.info\/index\/wp-json\/wp\/v2\/categories?post=15817"},{"taxonomy":"post_tag","embeddable":true,"href":"https:\/\/www.pedroandretta.info\/index\/wp-json\/wp\/v2\/tags?post=15817"}],"curies":[{"name":"wp","href":"https:\/\/api.w.org\/{rel}","templated":true}]}}