{"id":15821,"date":"2022-07-02T04:24:25","date_gmt":"2022-07-02T08:24:25","guid":{"rendered":"https:\/\/www.pedroandretta.info\/index\/2022\/07\/02\/nota-publica-entrega-da-medalha-de-ordem-do-merito-l-o-conselho-federal-de-bi\/"},"modified":"2022-07-02T04:24:25","modified_gmt":"2022-07-02T08:24:25","slug":"nota-publica-entrega-da-medalha-de-ordem-do-merito-l-o-conselho-federal-de-bi","status":"publish","type":"post","link":"https:\/\/www.pedroandretta.info\/index\/2022\/07\/nota-publica-entrega-da-medalha-de-ordem-do-merito-l-o-conselho-federal-de-bi\/","title":{"rendered":"Nota p\u00fablica \u2013 Entrega da medalha de Ordem do M\u00e9rito l \u201cO Conselho Federal de Bi&#8230;"},"content":{"rendered":"<p>[ad_1]<br \/>\n<img data-recalc-dims=\"1\" decoding=\"async\" src=\"https:\/\/i0.wp.com\/pbs.twimg.com\/media\/FWpdcgkXEAAY-0M.jpg?w=696&#038;ssl=1\" \/><\/p>\n<p>Nota p\u00fablica \u2013 Entrega da medalha de Ordem do M\u00e9rito l \u201cO Conselho Federal de Biblioteconomia [&#8230;] torna p\u00fablica sua insatisfa\u00e7\u00e3o com a indica\u00e7\u00e3o do deputado federal Daniel Silveira para receber homenagem da #BibliotecaNacional \u201c.  #NotaDeRep\u00fadio via  CFB <a href=\"https:\/\/cfb.org.br\/noticias\/nota-publica-entrega-da-medalha-de-ordem-do-merito\/\" target=\"_blank\" rel=\"noopener\">cfb.org.br\/noticias\/nota-\u2026<\/a> <a href=\"https:\/\/t.co\/xlkX6WLx3N\" target=\"_blank\" rel=\"noopener\">https:\/\/t.co\/xlkX6WLx3N<\/a><br \/>\n[ad_2]<br \/>\n<br \/>Curadoria: <a href=\"https:\/\/t.co\/qdDIov5LTC\">Projeto Informe-CI<\/a><\/p>\n","protected":false},"excerpt":{"rendered":"<p>[ad_1] Nota p\u00fablica \u2013 Entrega da medalha de Ordem do M\u00e9rito l \u201cO Conselho Federal de Biblioteconomia [&#8230;] torna p\u00fablica sua insatisfa\u00e7\u00e3o com a indica\u00e7\u00e3o do deputado federal Daniel Silveira para receber homenagem da #BibliotecaNacional \u201c. #NotaDeRep\u00fadio via CFB cfb.org.br\/noticias\/nota-\u2026 https:\/\/t.co\/xlkX6WLx3N [ad_2] Curadoria: Projeto Informe-CI<\/p>\n","protected":false},"author":1,"featured_media":15822,"comment_status":"open","ping_status":"open","sticky":false,"template":"","format":"standard","meta":{"_jetpack_memberships_contains_paid_content":false,"footnotes":"","jetpack_publicize_message":"","jetpack_publicize_feature_enabled":true,"jetpack_social_post_already_shared":true,"jetpack_social_options":{"image_generator_settings":{"template":"highway","default_image_id":0,"font":"","enabled":false},"version":2}},"categories":[21],"tags":[402,2504],"class_list":["post-15821","post","type-post","status-publish","format-standard","has-post-thumbnail","hentry","category-informeci","tag-bibliotecanacional","tag-notaderepudio"],"jetpack_publicize_connections":[],"jetpack_featured_media_url":"https:\/\/i0.wp.com\/www.pedroandretta.info\/index\/wp-content\/uploads\/2022\/07\/FWpdcgkXEAAY-0M.jpg?fit=640%2C1052&ssl=1","views":"","jetpack_sharing_enabled":true,"_links":{"self":[{"href":"https:\/\/www.pedroandretta.info\/index\/wp-json\/wp\/v2\/posts\/15821","targetHints":{"allow":["GET"]}}],"collection":[{"href":"https:\/\/www.pedroandretta.info\/index\/wp-json\/wp\/v2\/posts"}],"about":[{"href":"https:\/\/www.pedroandretta.info\/index\/wp-json\/wp\/v2\/types\/post"}],"author":[{"embeddable":true,"href":"https:\/\/www.pedroandretta.info\/index\/wp-json\/wp\/v2\/users\/1"}],"replies":[{"embeddable":true,"href":"https:\/\/www.pedroandretta.info\/index\/wp-json\/wp\/v2\/comments?post=15821"}],"version-history":[{"count":0,"href":"https:\/\/www.pedroandretta.info\/index\/wp-json\/wp\/v2\/posts\/15821\/revisions"}],"wp:featuredmedia":[{"embeddable":true,"href":"https:\/\/www.pedroandretta.info\/index\/wp-json\/wp\/v2\/media\/15822"}],"wp:attachment":[{"href":"https:\/\/www.pedroandretta.info\/index\/wp-json\/wp\/v2\/media?parent=15821"}],"wp:term":[{"taxonomy":"category","embeddable":true,"href":"https:\/\/www.pedroandretta.info\/index\/wp-json\/wp\/v2\/categories?post=15821"},{"taxonomy":"post_tag","embeddable":true,"href":"https:\/\/www.pedroandretta.info\/index\/wp-json\/wp\/v2\/tags?post=15821"}],"curies":[{"name":"wp","href":"https:\/\/api.w.org\/{rel}","templated":true}]}}