{"id":15952,"date":"2022-07-14T16:18:52","date_gmt":"2022-07-14T20:18:52","guid":{"rendered":"https:\/\/www.pedroandretta.info\/index\/2022\/07\/14\/poema-inedito-de-luis-de-camoes-e-encontrado-em-biblioteca-l-um-soneto-inedito\/"},"modified":"2022-07-14T16:18:52","modified_gmt":"2022-07-14T20:18:52","slug":"poema-inedito-de-luis-de-camoes-e-encontrado-em-biblioteca-l-um-soneto-inedito","status":"publish","type":"post","link":"https:\/\/www.pedroandretta.info\/index\/2022\/07\/poema-inedito-de-luis-de-camoes-e-encontrado-em-biblioteca-l-um-soneto-inedito\/","title":{"rendered":"Poema in\u00e9dito de Lu\u00eds de Cam\u00f5es \u00e9 encontrado em biblioteca l &#8220;Um soneto in\u00e9dito &#8230;"},"content":{"rendered":"<p>[ad_1]<\/p>\n<p>Poema in\u00e9dito de Lu\u00eds de Cam\u00f5es \u00e9 encontrado em biblioteca l &#8220;Um soneto in\u00e9dito de Lu\u00eds de Cam\u00f5es, datado de 1666, foi encontrado na Biblioteca Digital Hisp\u00e2nica pelo poeta, professor e investigador Nuno J\u00fadice [&#8230;]&#8221; #Literatura #Cam\u00f5es via Terra <a href=\"https:\/\/www.terra.com.br\/diversao\/poema-inedito-de-luis-de-camoes-e-encontrado-em-biblioteca,cd5867753c050de952366c59dbb1eabei16rx03q.html\" target=\"_blank\" rel=\"noopener\">terra.com.br\/diversao\/poema\u2026<\/a><br \/>\n[ad_2]<br \/>\n<br \/>Curadoria: <a href=\"https:\/\/t.co\/qdDIov5LTC\">Projeto Informe-CI<\/a><\/p>\n","protected":false},"excerpt":{"rendered":"<p>[ad_1] Poema in\u00e9dito de Lu\u00eds de Cam\u00f5es \u00e9 encontrado em biblioteca l &#8220;Um soneto in\u00e9dito de Lu\u00eds de Cam\u00f5es, datado de 1666, foi encontrado na Biblioteca Digital Hisp\u00e2nica pelo poeta, professor e investigador Nuno J\u00fadice [&#8230;]&#8221; #Literatura #Cam\u00f5es via Terra terra.com.br\/diversao\/poema\u2026 [ad_2] Curadoria: Projeto Informe-CI<\/p>\n","protected":false},"author":1,"featured_media":0,"comment_status":"open","ping_status":"open","sticky":false,"template":"","format":"standard","meta":{"_jetpack_memberships_contains_paid_content":false,"footnotes":"","jetpack_publicize_message":"","jetpack_publicize_feature_enabled":true,"jetpack_social_post_already_shared":true,"jetpack_social_options":{"image_generator_settings":{"template":"highway","default_image_id":0,"font":"","enabled":false},"version":2}},"categories":[21],"tags":[3172,150],"class_list":["post-15952","post","type-post","status-publish","format-standard","hentry","category-informeci","tag-camoes","tag-literatura"],"jetpack_publicize_connections":[],"jetpack_featured_media_url":"","views":"","jetpack_sharing_enabled":true,"_links":{"self":[{"href":"https:\/\/www.pedroandretta.info\/index\/wp-json\/wp\/v2\/posts\/15952","targetHints":{"allow":["GET"]}}],"collection":[{"href":"https:\/\/www.pedroandretta.info\/index\/wp-json\/wp\/v2\/posts"}],"about":[{"href":"https:\/\/www.pedroandretta.info\/index\/wp-json\/wp\/v2\/types\/post"}],"author":[{"embeddable":true,"href":"https:\/\/www.pedroandretta.info\/index\/wp-json\/wp\/v2\/users\/1"}],"replies":[{"embeddable":true,"href":"https:\/\/www.pedroandretta.info\/index\/wp-json\/wp\/v2\/comments?post=15952"}],"version-history":[{"count":0,"href":"https:\/\/www.pedroandretta.info\/index\/wp-json\/wp\/v2\/posts\/15952\/revisions"}],"wp:attachment":[{"href":"https:\/\/www.pedroandretta.info\/index\/wp-json\/wp\/v2\/media?parent=15952"}],"wp:term":[{"taxonomy":"category","embeddable":true,"href":"https:\/\/www.pedroandretta.info\/index\/wp-json\/wp\/v2\/categories?post=15952"},{"taxonomy":"post_tag","embeddable":true,"href":"https:\/\/www.pedroandretta.info\/index\/wp-json\/wp\/v2\/tags?post=15952"}],"curies":[{"name":"wp","href":"https:\/\/api.w.org\/{rel}","templated":true}]}}