{"id":16083,"date":"2022-07-22T18:09:56","date_gmt":"2022-07-22T22:09:56","guid":{"rendered":"https:\/\/www.pedroandretta.info\/index\/2022\/07\/22\/discurso-cientifico-foi-apropriado-para-fixar-crencas-sobre-a-eficacia-da-clor\/"},"modified":"2022-07-22T18:09:56","modified_gmt":"2022-07-22T22:09:56","slug":"discurso-cientifico-foi-apropriado-para-fixar-crencas-sobre-a-eficacia-da-clor","status":"publish","type":"post","link":"https:\/\/www.pedroandretta.info\/index\/2022\/07\/discurso-cientifico-foi-apropriado-para-fixar-crencas-sobre-a-eficacia-da-clor\/","title":{"rendered":"Discurso cient\u00edfico foi apropriado para fixar cren\u00e7as sobre a \u2018efic\u00e1cia\u2019 da clor&#8230;"},"content":{"rendered":"<p>[ad_1]<br \/>\n<img data-recalc-dims=\"1\" decoding=\"async\" src=\"https:\/\/i0.wp.com\/ufmg.br\/thumbor\/CHhzBUKJbCoeJhY_BkgGyFl-z20%3D\/300x200\/smart\/https%3A\/\/ufmg.br\/storage\/2\/7\/e\/2\/27e255af611fda8067352536d28b94f0_16584319098317_1574639108.jpg?w=696&#038;ssl=1\"\/><\/p>\n<p>Discurso cient\u00edfico foi apropriado para fixar cren\u00e7as sobre a \u2018efic\u00e1cia\u2019 da cloroquina l Ver disserta\u00e7\u00e3o: &#8220;Desinforma\u00e7\u00e3o cient\u00edfica no twitter: fixa\u00e7\u00e3o de cren\u00e7as em torno da cloroquina durante a pandemia da covid-19&#8221; #Desinforma\u00e7\u00e3o via Jornal da UFMG <a href=\"https:\/\/ufmg.br\/comunicacao\/noticias\/discurso-cientifico-foi-apropriado-para-fixar-crencas-sobre-a-eficacia-da-cloroquina\" target=\"_blank\" rel=\"noopener\">ufmg.br\/comunicacao\/no\u2026<\/a><br \/>\n[ad_2]<br \/>\n<br \/>Curadoria: <a href=\"https:\/\/t.co\/qdDIov5LTC\">Projeto Informe-CI<\/a><\/p>\n","protected":false},"excerpt":{"rendered":"<p>[ad_1] Discurso cient\u00edfico foi apropriado para fixar cren\u00e7as sobre a \u2018efic\u00e1cia\u2019 da cloroquina l Ver disserta\u00e7\u00e3o: &#8220;Desinforma\u00e7\u00e3o cient\u00edfica no twitter: fixa\u00e7\u00e3o de cren\u00e7as em torno da cloroquina durante a pandemia da covid-19&#8221; #Desinforma\u00e7\u00e3o via Jornal da UFMG ufmg.br\/comunicacao\/no\u2026 [ad_2] Curadoria: Projeto Informe-CI<\/p>\n","protected":false},"author":1,"featured_media":16084,"comment_status":"open","ping_status":"open","sticky":false,"template":"","format":"standard","meta":{"_jetpack_memberships_contains_paid_content":false,"footnotes":"","jetpack_publicize_message":"","jetpack_publicize_feature_enabled":true,"jetpack_social_post_already_shared":true,"jetpack_social_options":{"image_generator_settings":{"template":"highway","default_image_id":0,"font":"","enabled":false},"version":2}},"categories":[21],"tags":[142],"class_list":["post-16083","post","type-post","status-publish","format-standard","has-post-thumbnail","hentry","category-informeci","tag-desinformacao"],"jetpack_publicize_connections":[],"jetpack_featured_media_url":"https:\/\/i0.wp.com\/www.pedroandretta.info\/index\/wp-content\/uploads\/2022\/07\/27e255af611fda8067352536d28b94f0_16584319098317_1574639108.jpg?fit=300%2C200&ssl=1","views":"","jetpack_sharing_enabled":true,"_links":{"self":[{"href":"https:\/\/www.pedroandretta.info\/index\/wp-json\/wp\/v2\/posts\/16083","targetHints":{"allow":["GET"]}}],"collection":[{"href":"https:\/\/www.pedroandretta.info\/index\/wp-json\/wp\/v2\/posts"}],"about":[{"href":"https:\/\/www.pedroandretta.info\/index\/wp-json\/wp\/v2\/types\/post"}],"author":[{"embeddable":true,"href":"https:\/\/www.pedroandretta.info\/index\/wp-json\/wp\/v2\/users\/1"}],"replies":[{"embeddable":true,"href":"https:\/\/www.pedroandretta.info\/index\/wp-json\/wp\/v2\/comments?post=16083"}],"version-history":[{"count":0,"href":"https:\/\/www.pedroandretta.info\/index\/wp-json\/wp\/v2\/posts\/16083\/revisions"}],"wp:featuredmedia":[{"embeddable":true,"href":"https:\/\/www.pedroandretta.info\/index\/wp-json\/wp\/v2\/media\/16084"}],"wp:attachment":[{"href":"https:\/\/www.pedroandretta.info\/index\/wp-json\/wp\/v2\/media?parent=16083"}],"wp:term":[{"taxonomy":"category","embeddable":true,"href":"https:\/\/www.pedroandretta.info\/index\/wp-json\/wp\/v2\/categories?post=16083"},{"taxonomy":"post_tag","embeddable":true,"href":"https:\/\/www.pedroandretta.info\/index\/wp-json\/wp\/v2\/tags?post=16083"}],"curies":[{"name":"wp","href":"https:\/\/api.w.org\/{rel}","templated":true}]}}