{"id":16129,"date":"2022-07-26T15:24:25","date_gmt":"2022-07-26T19:24:25","guid":{"rendered":"https:\/\/www.pedroandretta.info\/index\/2022\/07\/26\/recomendacao-da-ocde-sobre-criancas-no-ambiente-digital-l-a-educacao-digital-e\/"},"modified":"2022-07-26T15:24:25","modified_gmt":"2022-07-26T19:24:25","slug":"recomendacao-da-ocde-sobre-criancas-no-ambiente-digital-l-a-educacao-digital-e","status":"publish","type":"post","link":"https:\/\/www.pedroandretta.info\/index\/2022\/07\/recomendacao-da-ocde-sobre-criancas-no-ambiente-digital-l-a-educacao-digital-e\/","title":{"rendered":"Recomenda\u00e7\u00e3o da OCDE sobre Crian\u00e7as no Ambiente Digital l &#8220;A educa\u00e7\u00e3o digital \u00e9 &#8230;"},"content":{"rendered":"<p>[ad_1]<br \/>\n<img data-recalc-dims=\"1\" decoding=\"async\" src=\"https:\/\/i0.wp.com\/pbs.twimg.com\/media\/FYnaaSvXoAMazTO.jpg?w=696&#038;ssl=1\" \/><\/p>\n<p>Recomenda\u00e7\u00e3o da OCDE sobre Crian\u00e7as no Ambiente Digital l &#8220;A educa\u00e7\u00e3o digital \u00e9 uma habilidade subjacente vital para as #crian\u00e7as , tanto para garantir sua seguran\u00e7a no ambiente digital quanto para apoi\u00e1-las a perceber seus benef\u00edcios&#8221; #Educa\u00e7\u00e3oDigital <a href=\"https:\/\/www.oecd.org\/publications\/companion-document-to-the-oecd-recommendation-on-children-in-the-digital-environment-a2ebec7c-en.htm\" target=\"_blank\" rel=\"noopener\">oecd.org\/publications\/c\u2026<\/a> <a href=\"https:\/\/t.co\/dlkn2UGBeA\" target=\"_blank\" rel=\"noopener\">https:\/\/t.co\/dlkn2UGBeA<\/a><br \/>\n[ad_2]<br \/>\n<br \/>Curadoria: <a href=\"https:\/\/t.co\/qdDIov5LTC\">Projeto Informe-CI<\/a><\/p>\n","protected":false},"excerpt":{"rendered":"<p>[ad_1] Recomenda\u00e7\u00e3o da OCDE sobre Crian\u00e7as no Ambiente Digital l &#8220;A educa\u00e7\u00e3o digital \u00e9 uma habilidade subjacente vital para as #crian\u00e7as , tanto para garantir sua seguran\u00e7a no ambiente digital quanto para apoi\u00e1-las a perceber seus benef\u00edcios&#8221; #Educa\u00e7\u00e3oDigital oecd.org\/publications\/c\u2026 https:\/\/t.co\/dlkn2UGBeA [ad_2] Curadoria: Projeto Informe-CI<\/p>\n","protected":false},"author":1,"featured_media":16130,"comment_status":"open","ping_status":"open","sticky":false,"template":"","format":"standard","meta":{"_jetpack_memberships_contains_paid_content":false,"footnotes":"","jetpack_publicize_message":"","jetpack_publicize_feature_enabled":true,"jetpack_social_post_already_shared":true,"jetpack_social_options":{"image_generator_settings":{"template":"highway","default_image_id":0,"font":"","enabled":false},"version":2}},"categories":[21],"tags":[147,1006],"class_list":["post-16129","post","type-post","status-publish","format-standard","has-post-thumbnail","hentry","category-informeci","tag-criancas","tag-educacaodigital"],"jetpack_publicize_connections":[],"jetpack_featured_media_url":"https:\/\/i0.wp.com\/www.pedroandretta.info\/index\/wp-content\/uploads\/2022\/07\/FYnaaSvXoAMazTO.jpg?fit=562%2C756&ssl=1","views":"","jetpack_sharing_enabled":true,"_links":{"self":[{"href":"https:\/\/www.pedroandretta.info\/index\/wp-json\/wp\/v2\/posts\/16129","targetHints":{"allow":["GET"]}}],"collection":[{"href":"https:\/\/www.pedroandretta.info\/index\/wp-json\/wp\/v2\/posts"}],"about":[{"href":"https:\/\/www.pedroandretta.info\/index\/wp-json\/wp\/v2\/types\/post"}],"author":[{"embeddable":true,"href":"https:\/\/www.pedroandretta.info\/index\/wp-json\/wp\/v2\/users\/1"}],"replies":[{"embeddable":true,"href":"https:\/\/www.pedroandretta.info\/index\/wp-json\/wp\/v2\/comments?post=16129"}],"version-history":[{"count":0,"href":"https:\/\/www.pedroandretta.info\/index\/wp-json\/wp\/v2\/posts\/16129\/revisions"}],"wp:featuredmedia":[{"embeddable":true,"href":"https:\/\/www.pedroandretta.info\/index\/wp-json\/wp\/v2\/media\/16130"}],"wp:attachment":[{"href":"https:\/\/www.pedroandretta.info\/index\/wp-json\/wp\/v2\/media?parent=16129"}],"wp:term":[{"taxonomy":"category","embeddable":true,"href":"https:\/\/www.pedroandretta.info\/index\/wp-json\/wp\/v2\/categories?post=16129"},{"taxonomy":"post_tag","embeddable":true,"href":"https:\/\/www.pedroandretta.info\/index\/wp-json\/wp\/v2\/tags?post=16129"}],"curies":[{"name":"wp","href":"https:\/\/api.w.org\/{rel}","templated":true}]}}