{"id":16172,"date":"2022-07-30T19:31:08","date_gmt":"2022-07-30T23:31:08","guid":{"rendered":"https:\/\/www.pedroandretta.info\/index\/2022\/07\/30\/bibliotecas-e-preservacao-de-acervos-em-tempos-de-pandemia-l-capacitar-e\/"},"modified":"2022-07-30T19:31:08","modified_gmt":"2022-07-30T23:31:08","slug":"bibliotecas-e-preservacao-de-acervos-em-tempos-de-pandemia-l-capacitar-e","status":"publish","type":"post","link":"https:\/\/www.pedroandretta.info\/index\/2022\/07\/bibliotecas-e-preservacao-de-acervos-em-tempos-de-pandemia-l-capacitar-e\/","title":{"rendered":"Bibliotecas e preserva\u00e7\u00e3o de acervos em tempos de pandemia l \u201c[&#8230;] capacitar e &#8230;"},"content":{"rendered":"<p>[ad_1]<br \/>\n<img data-recalc-dims=\"1\" decoding=\"async\" src=\"https:\/\/i0.wp.com\/pbs.twimg.com\/media\/FY85fTXXEAADm-o.jpg?w=696&#038;ssl=1\" \/><\/p>\n<p>Bibliotecas e preserva\u00e7\u00e3o de acervos em tempos de pandemia l \u201c[&#8230;] capacitar e preparar os respons\u00e1veis pelas unidades de informa\u00e7\u00e3o impacta diretamente na preserva\u00e7\u00e3o de acervos abrigados nas bibliotecas universit\u00e1rias.\u201d #Preserva\u00e7\u00e3o #UFMG  <a href=\"https:\/\/periodicos.ufmg.br\/index.php\/revistadaufmg\/article\/view\/29743\" target=\"_blank\" rel=\"noopener\">periodicos.ufmg.br\/index.php\/revi\u2026<\/a> <a href=\"https:\/\/t.co\/v16g45ftCb\" target=\"_blank\" rel=\"noopener\">https:\/\/t.co\/v16g45ftCb<\/a><br \/>\n[ad_2]<br \/>\n<br \/>Curadoria: <a href=\"https:\/\/t.co\/qdDIov5LTC\">Projeto Informe-CI<\/a><\/p>\n","protected":false},"excerpt":{"rendered":"<p>[ad_1] Bibliotecas e preserva\u00e7\u00e3o de acervos em tempos de pandemia l \u201c[&#8230;] capacitar e preparar os respons\u00e1veis pelas unidades de informa\u00e7\u00e3o impacta diretamente na preserva\u00e7\u00e3o de acervos abrigados nas bibliotecas universit\u00e1rias.\u201d #Preserva\u00e7\u00e3o #UFMG periodicos.ufmg.br\/index.php\/revi\u2026 https:\/\/t.co\/v16g45ftCb [ad_2] Curadoria: Projeto Informe-CI<\/p>\n","protected":false},"author":1,"featured_media":16173,"comment_status":"open","ping_status":"open","sticky":false,"template":"","format":"standard","meta":{"_jetpack_memberships_contains_paid_content":false,"footnotes":"","jetpack_publicize_message":"","jetpack_publicize_feature_enabled":true,"jetpack_social_post_already_shared":true,"jetpack_social_options":{"image_generator_settings":{"template":"highway","default_image_id":0,"font":"","enabled":false},"version":2}},"categories":[21],"tags":[549,348],"class_list":["post-16172","post","type-post","status-publish","format-standard","has-post-thumbnail","hentry","category-informeci","tag-preservacao","tag-ufmg"],"jetpack_publicize_connections":[],"jetpack_featured_media_url":"https:\/\/i0.wp.com\/www.pedroandretta.info\/index\/wp-content\/uploads\/2022\/07\/FY85fTXXEAADm-o.jpg?fit=640%2C913&ssl=1","views":"","jetpack_sharing_enabled":true,"_links":{"self":[{"href":"https:\/\/www.pedroandretta.info\/index\/wp-json\/wp\/v2\/posts\/16172","targetHints":{"allow":["GET"]}}],"collection":[{"href":"https:\/\/www.pedroandretta.info\/index\/wp-json\/wp\/v2\/posts"}],"about":[{"href":"https:\/\/www.pedroandretta.info\/index\/wp-json\/wp\/v2\/types\/post"}],"author":[{"embeddable":true,"href":"https:\/\/www.pedroandretta.info\/index\/wp-json\/wp\/v2\/users\/1"}],"replies":[{"embeddable":true,"href":"https:\/\/www.pedroandretta.info\/index\/wp-json\/wp\/v2\/comments?post=16172"}],"version-history":[{"count":0,"href":"https:\/\/www.pedroandretta.info\/index\/wp-json\/wp\/v2\/posts\/16172\/revisions"}],"wp:featuredmedia":[{"embeddable":true,"href":"https:\/\/www.pedroandretta.info\/index\/wp-json\/wp\/v2\/media\/16173"}],"wp:attachment":[{"href":"https:\/\/www.pedroandretta.info\/index\/wp-json\/wp\/v2\/media?parent=16172"}],"wp:term":[{"taxonomy":"category","embeddable":true,"href":"https:\/\/www.pedroandretta.info\/index\/wp-json\/wp\/v2\/categories?post=16172"},{"taxonomy":"post_tag","embeddable":true,"href":"https:\/\/www.pedroandretta.info\/index\/wp-json\/wp\/v2\/tags?post=16172"}],"curies":[{"name":"wp","href":"https:\/\/api.w.org\/{rel}","templated":true}]}}