{"id":16484,"date":"2022-08-13T15:40:05","date_gmt":"2022-08-13T19:40:05","guid":{"rendered":"https:\/\/www.pedroandretta.info\/index\/2022\/08\/13\/afeganistao-perdeu-60-de-seus-jornalistas-desde-a-retomada-do-taliba-l-a-insti\/"},"modified":"2022-08-13T15:40:05","modified_gmt":"2022-08-13T19:40:05","slug":"afeganistao-perdeu-60-de-seus-jornalistas-desde-a-retomada-do-taliba-l-a-insti","status":"publish","type":"post","link":"https:\/\/www.pedroandretta.info\/index\/2022\/08\/afeganistao-perdeu-60-de-seus-jornalistas-desde-a-retomada-do-taliba-l-a-insti\/","title":{"rendered":"Afeganist\u00e3o perdeu 60% de seus jornalistas desde a retomada do Talib\u00e3 l \u201cA insti&#8230;"},"content":{"rendered":"<p>[ad_1]<\/p>\n<p>Afeganist\u00e3o perdeu 60% de seus jornalistas desde a retomada do Talib\u00e3 l \u201cA institui\u00e7\u00e3o &#8211; RSP &#8211;  tamb\u00e9m aponta que 39,59% dos ve\u00edculos de m\u00eddia tiveram suas atividades encerradas no pa\u00eds durante o mesmo per\u00edodo\u201d #Jornalismo #Talib\u00e3 #Afeganist\u00e3o via Galileu  <a href=\"https:\/\/revistagalileu.globo.com\/Sociedade\/noticia\/2022\/08\/afeganistao-perdeu-60-de-seus-jornalistas-desde-retomada-do-taliba.html\" target=\"_blank\" rel=\"noopener\">revistagalileu.globo.com\/Sociedade\/noti\u2026<\/a><br \/>\n[ad_2]<br \/>\n<br \/>Curadoria: <a href=\"https:\/\/t.co\/qdDIov5LTC\">Projeto Informe-CI<\/a><\/p>\n","protected":false},"excerpt":{"rendered":"<p>[ad_1] Afeganist\u00e3o perdeu 60% de seus jornalistas desde a retomada do Talib\u00e3 l \u201cA institui\u00e7\u00e3o &#8211; RSP &#8211; tamb\u00e9m aponta que 39,59% dos ve\u00edculos de m\u00eddia tiveram suas atividades encerradas no pa\u00eds durante o mesmo per\u00edodo\u201d #Jornalismo #Talib\u00e3 #Afeganist\u00e3o via Galileu revistagalileu.globo.com\/Sociedade\/noti\u2026 [ad_2] Curadoria: Projeto Informe-CI<\/p>\n","protected":false},"author":1,"featured_media":0,"comment_status":"open","ping_status":"open","sticky":false,"template":"","format":"standard","meta":{"_jetpack_memberships_contains_paid_content":false,"footnotes":"","jetpack_publicize_message":"","jetpack_publicize_feature_enabled":true,"jetpack_social_post_already_shared":true,"jetpack_social_options":{"image_generator_settings":{"template":"highway","default_image_id":0,"font":"","enabled":false},"version":2}},"categories":[21],"tags":[2557,723,2556],"class_list":["post-16484","post","type-post","status-publish","format-standard","hentry","category-informeci","tag-afeganistao","tag-jornalismo","tag-taleba"],"jetpack_publicize_connections":[],"jetpack_featured_media_url":"","views":"","jetpack_sharing_enabled":true,"_links":{"self":[{"href":"https:\/\/www.pedroandretta.info\/index\/wp-json\/wp\/v2\/posts\/16484","targetHints":{"allow":["GET"]}}],"collection":[{"href":"https:\/\/www.pedroandretta.info\/index\/wp-json\/wp\/v2\/posts"}],"about":[{"href":"https:\/\/www.pedroandretta.info\/index\/wp-json\/wp\/v2\/types\/post"}],"author":[{"embeddable":true,"href":"https:\/\/www.pedroandretta.info\/index\/wp-json\/wp\/v2\/users\/1"}],"replies":[{"embeddable":true,"href":"https:\/\/www.pedroandretta.info\/index\/wp-json\/wp\/v2\/comments?post=16484"}],"version-history":[{"count":0,"href":"https:\/\/www.pedroandretta.info\/index\/wp-json\/wp\/v2\/posts\/16484\/revisions"}],"wp:attachment":[{"href":"https:\/\/www.pedroandretta.info\/index\/wp-json\/wp\/v2\/media?parent=16484"}],"wp:term":[{"taxonomy":"category","embeddable":true,"href":"https:\/\/www.pedroandretta.info\/index\/wp-json\/wp\/v2\/categories?post=16484"},{"taxonomy":"post_tag","embeddable":true,"href":"https:\/\/www.pedroandretta.info\/index\/wp-json\/wp\/v2\/tags?post=16484"}],"curies":[{"name":"wp","href":"https:\/\/api.w.org\/{rel}","templated":true}]}}