{"id":16746,"date":"2022-09-05T19:04:44","date_gmt":"2022-09-05T23:04:44","guid":{"rendered":"https:\/\/www.pedroandretta.info\/index\/2022\/09\/05\/quatro-anos-depois-do-incendio-o-museu-nacional-nao-existe-mais-l-ha-exatos-q\/"},"modified":"2022-09-05T19:04:44","modified_gmt":"2022-09-05T23:04:44","slug":"quatro-anos-depois-do-incendio-o-museu-nacional-nao-existe-mais-l-ha-exatos-q","status":"publish","type":"post","link":"https:\/\/www.pedroandretta.info\/index\/2022\/09\/quatro-anos-depois-do-incendio-o-museu-nacional-nao-existe-mais-l-ha-exatos-q\/","title":{"rendered":"Quatro anos depois do inc\u00eandio, o Museu Nacional n\u00e3o existe mais  l &#8220;H\u00e1 exatos q&#8230;"},"content":{"rendered":"<p>[ad_1]<br \/>\n<img data-recalc-dims=\"1\" decoding=\"async\" src=\"https:\/\/i0.wp.com\/f.i.uol.com.br\/fotografia\/2019\/08\/30\/15672163355d69d2cf976af_1567216335_3x2_rt.jpg?w=696&#038;ssl=1\"\/><\/p>\n<p>Quatro anos depois do inc\u00eandio, o Museu Nacional n\u00e3o existe mais  l &#8220;H\u00e1 exatos quatro anos, no dia 2 de setembro de 2018, assist\u00edamos ao primeiro &#8220;telememoric\u00eddio&#8221; da hist\u00f3ria brasileira [&#8230;]&#8221; #MuseuNacionalVive #MuseuNacional via Folha <a href=\"https:\/\/www1.folha.uol.com.br\/ilustrada\/2022\/09\/quatro-anos-depois-do-incendio-o-museu-nacional-nao-existe-mais.shtml\" target=\"_blank\" rel=\"noopener\">www1.folha.uol.com.br\/ilustrada\/2022\u2026<\/a><br \/>\n[ad_2]<br \/>\n<br \/>Curadoria: <a href=\"https:\/\/t.co\/qdDIov5LTC\">Projeto Informe-CI<\/a><\/p>\n","protected":false},"excerpt":{"rendered":"<p>[ad_1] Quatro anos depois do inc\u00eandio, o Museu Nacional n\u00e3o existe mais l &#8220;H\u00e1 exatos quatro anos, no dia 2 de setembro de 2018, assist\u00edamos ao primeiro &#8220;telememoric\u00eddio&#8221; da hist\u00f3ria brasileira [&#8230;]&#8221; #MuseuNacionalVive #MuseuNacional via Folha www1.folha.uol.com.br\/ilustrada\/2022\u2026 [ad_2] Curadoria: Projeto Informe-CI<\/p>\n","protected":false},"author":1,"featured_media":16747,"comment_status":"open","ping_status":"open","sticky":false,"template":"","format":"standard","meta":{"_jetpack_memberships_contains_paid_content":false,"footnotes":"","jetpack_publicize_message":"","jetpack_publicize_feature_enabled":true,"jetpack_social_post_already_shared":true,"jetpack_social_options":{"image_generator_settings":{"template":"highway","default_image_id":0,"font":"","enabled":false},"version":2}},"categories":[21],"tags":[473,3254],"class_list":["post-16746","post","type-post","status-publish","format-standard","has-post-thumbnail","hentry","category-informeci","tag-museunacional","tag-museunacionalvive"],"jetpack_publicize_connections":[],"jetpack_featured_media_url":"https:\/\/i0.wp.com\/www.pedroandretta.info\/index\/wp-content\/uploads\/2022\/09\/15672163355d69d2cf976af_1567216335_3x2_rt.jpg?fit=2400%2C1600&ssl=1","views":"","jetpack_sharing_enabled":true,"_links":{"self":[{"href":"https:\/\/www.pedroandretta.info\/index\/wp-json\/wp\/v2\/posts\/16746","targetHints":{"allow":["GET"]}}],"collection":[{"href":"https:\/\/www.pedroandretta.info\/index\/wp-json\/wp\/v2\/posts"}],"about":[{"href":"https:\/\/www.pedroandretta.info\/index\/wp-json\/wp\/v2\/types\/post"}],"author":[{"embeddable":true,"href":"https:\/\/www.pedroandretta.info\/index\/wp-json\/wp\/v2\/users\/1"}],"replies":[{"embeddable":true,"href":"https:\/\/www.pedroandretta.info\/index\/wp-json\/wp\/v2\/comments?post=16746"}],"version-history":[{"count":0,"href":"https:\/\/www.pedroandretta.info\/index\/wp-json\/wp\/v2\/posts\/16746\/revisions"}],"wp:featuredmedia":[{"embeddable":true,"href":"https:\/\/www.pedroandretta.info\/index\/wp-json\/wp\/v2\/media\/16747"}],"wp:attachment":[{"href":"https:\/\/www.pedroandretta.info\/index\/wp-json\/wp\/v2\/media?parent=16746"}],"wp:term":[{"taxonomy":"category","embeddable":true,"href":"https:\/\/www.pedroandretta.info\/index\/wp-json\/wp\/v2\/categories?post=16746"},{"taxonomy":"post_tag","embeddable":true,"href":"https:\/\/www.pedroandretta.info\/index\/wp-json\/wp\/v2\/tags?post=16746"}],"curies":[{"name":"wp","href":"https:\/\/api.w.org\/{rel}","templated":true}]}}