{"id":16912,"date":"2022-09-16T20:40:30","date_gmt":"2022-09-17T00:40:30","guid":{"rendered":"https:\/\/www.pedroandretta.info\/index\/2022\/09\/16\/onu-visao-para-transformar-a-educacao-l-sao-prioridade-a-educacao-pre-escolar\/"},"modified":"2022-09-16T20:40:30","modified_gmt":"2022-09-17T00:40:30","slug":"onu-visao-para-transformar-a-educacao-l-sao-prioridade-a-educacao-pre-escolar","status":"publish","type":"post","link":"https:\/\/www.pedroandretta.info\/index\/2022\/09\/onu-visao-para-transformar-a-educacao-l-sao-prioridade-a-educacao-pre-escolar\/","title":{"rendered":"ONU: Vis\u00e3o para Transformar a Educa\u00e7\u00e3o l &#8220;S\u00e3o prioridade a educa\u00e7\u00e3o pr\u00e9-escolar &#8230;"},"content":{"rendered":"<p>[ad_1]<\/p>\n<p>ONU: Vis\u00e3o para Transformar a Educa\u00e7\u00e3o l &#8220;S\u00e3o prioridade a educa\u00e7\u00e3o pr\u00e9-escolar e ao longo da vida e compet\u00eancias sociais, digitais e verdes que preparem para o futuro do trabalho, bem como a educa\u00e7\u00e3o para a cidadania global [&#8230;]&#8221; #Educa\u00e7\u00e3o #ONU via RBE <a href=\"https:\/\/blogue.rbe.mec.pt\/onu-visao-para-transformar-a-educacao-2642282\" target=\"_blank\" rel=\"noopener\">blogue.rbe.mec.pt\/onu-visao-para\u2026<\/a><br \/>\n[ad_2]<br \/>\n<br \/>Curadoria: <a href=\"https:\/\/t.co\/qdDIov5LTC\">Projeto Informe-CI<\/a><\/p>\n","protected":false},"excerpt":{"rendered":"<p>[ad_1] ONU: Vis\u00e3o para Transformar a Educa\u00e7\u00e3o l &#8220;S\u00e3o prioridade a educa\u00e7\u00e3o pr\u00e9-escolar e ao longo da vida e compet\u00eancias sociais, digitais e verdes que preparem para o futuro do trabalho, bem como a educa\u00e7\u00e3o para a cidadania global [&#8230;]&#8221; #Educa\u00e7\u00e3o #ONU via RBE blogue.rbe.mec.pt\/onu-visao-para\u2026 [ad_2] Curadoria: Projeto Informe-CI<\/p>\n","protected":false},"author":1,"featured_media":0,"comment_status":"open","ping_status":"open","sticky":false,"template":"","format":"standard","meta":{"_jetpack_newsletter_access":"","_jetpack_dont_email_post_to_subs":false,"_jetpack_newsletter_tier_id":0,"_jetpack_memberships_contains_paywalled_content":false,"_jetpack_feature_clip_id":0,"_jetpack_memberships_contains_paid_content":false,"footnotes":"","jetpack_publicize_message":"","jetpack_publicize_feature_enabled":true,"jetpack_social_post_already_shared":true,"jetpack_social_options":{"image_generator_settings":{"template":"highway","default_image_id":0,"font":"","enabled":false},"version":2},"jetpack_post_was_ever_published":false},"categories":[21],"tags":[45,1916],"class_list":["post-16912","post","type-post","status-publish","format-standard","hentry","category-informeci","tag-educacao","tag-onu"],"jetpack_publicize_connections":[],"jetpack_featured_media_url":"","views":"","jetpack_sharing_enabled":true,"_links":{"self":[{"href":"https:\/\/www.pedroandretta.info\/index\/wp-json\/wp\/v2\/posts\/16912","targetHints":{"allow":["GET"]}}],"collection":[{"href":"https:\/\/www.pedroandretta.info\/index\/wp-json\/wp\/v2\/posts"}],"about":[{"href":"https:\/\/www.pedroandretta.info\/index\/wp-json\/wp\/v2\/types\/post"}],"author":[{"embeddable":true,"href":"https:\/\/www.pedroandretta.info\/index\/wp-json\/wp\/v2\/users\/1"}],"replies":[{"embeddable":true,"href":"https:\/\/www.pedroandretta.info\/index\/wp-json\/wp\/v2\/comments?post=16912"}],"version-history":[{"count":0,"href":"https:\/\/www.pedroandretta.info\/index\/wp-json\/wp\/v2\/posts\/16912\/revisions"}],"wp:attachment":[{"href":"https:\/\/www.pedroandretta.info\/index\/wp-json\/wp\/v2\/media?parent=16912"}],"wp:term":[{"taxonomy":"category","embeddable":true,"href":"https:\/\/www.pedroandretta.info\/index\/wp-json\/wp\/v2\/categories?post=16912"},{"taxonomy":"post_tag","embeddable":true,"href":"https:\/\/www.pedroandretta.info\/index\/wp-json\/wp\/v2\/tags?post=16912"}],"curies":[{"name":"wp","href":"https:\/\/api.w.org\/{rel}","templated":true}]}}