{"id":16969,"date":"2022-09-21T21:34:33","date_gmt":"2022-09-22T01:34:33","guid":{"rendered":"https:\/\/www.pedroandretta.info\/index\/2022\/09\/21\/11-das-criancas-e-adolescentes-nao-frequentam-a-escola-no-brasil-revela-pesqui\/"},"modified":"2022-09-21T21:34:33","modified_gmt":"2022-09-22T01:34:33","slug":"11-das-criancas-e-adolescentes-nao-frequentam-a-escola-no-brasil-revela-pesqui","status":"publish","type":"post","link":"https:\/\/www.pedroandretta.info\/index\/2022\/09\/11-das-criancas-e-adolescentes-nao-frequentam-a-escola-no-brasil-revela-pesqui\/","title":{"rendered":"11% das crian\u00e7as e adolescentes n\u00e3o frequentam a escola no Brasil, revela pesqui&#8230;"},"content":{"rendered":"<p>[ad_1]<br \/>\n<img data-recalc-dims=\"1\" decoding=\"async\" src=\"https:\/\/i0.wp.com\/pbs.twimg.com\/media\/FdORpYfXgAEbVoO.jpg?w=696&#038;ssl=1\" \/><\/p>\n<p>11% das crian\u00e7as e adolescentes n\u00e3o frequentam a escola no Brasil, revela pesquisa l &#8220;Na classe AB, 4% dos entrevistados n\u00e3o est\u00e3o frequentando a escola, enquanto na classe DE o percentual chega a 17%.&#8221; #Educa\u00e7\u00e3o #Escola #Evas\u00e3oEscolar via Porvir <a href=\"https:\/\/porvir.org\/11-nao-frequentam-a-escola-no-brasil-revela-pesquisa\/\" target=\"_blank\" rel=\"noopener\">porvir.org\/11-nao-frequen\u2026<\/a> <a href=\"https:\/\/t.co\/qw205Xu7Sm\" target=\"_blank\" rel=\"noopener\">https:\/\/t.co\/qw205Xu7Sm<\/a><br \/>\n[ad_2]<br \/>\n<br \/>Curadoria: <a href=\"https:\/\/t.co\/qdDIov5LTC\">Projeto Informe-CI<\/a><\/p>\n","protected":false},"excerpt":{"rendered":"<p>[ad_1] 11% das crian\u00e7as e adolescentes n\u00e3o frequentam a escola no Brasil, revela pesquisa l &#8220;Na classe AB, 4% dos entrevistados n\u00e3o est\u00e3o frequentando a escola, enquanto na classe DE o percentual chega a 17%.&#8221; #Educa\u00e7\u00e3o #Escola #Evas\u00e3oEscolar via Porvir porvir.org\/11-nao-frequen\u2026 https:\/\/t.co\/qw205Xu7Sm [ad_2] Curadoria: Projeto Informe-CI<\/p>\n","protected":false},"author":1,"featured_media":16970,"comment_status":"open","ping_status":"open","sticky":false,"template":"","format":"standard","meta":{"_jetpack_memberships_contains_paid_content":false,"footnotes":"","jetpack_publicize_message":"","jetpack_publicize_feature_enabled":true,"jetpack_social_post_already_shared":true,"jetpack_social_options":{"image_generator_settings":{"template":"highway","default_image_id":0,"font":"","enabled":false},"version":2}},"categories":[21],"tags":[45,81,3123],"class_list":["post-16969","post","type-post","status-publish","format-standard","has-post-thumbnail","hentry","category-informeci","tag-educacao","tag-escolas","tag-evasaoescolar"],"jetpack_publicize_connections":[],"jetpack_featured_media_url":"https:\/\/i0.wp.com\/www.pedroandretta.info\/index\/wp-content\/uploads\/2022\/09\/FdORpYfXgAEbVoO.jpg?fit=967%2C552&ssl=1","views":"","jetpack_sharing_enabled":true,"_links":{"self":[{"href":"https:\/\/www.pedroandretta.info\/index\/wp-json\/wp\/v2\/posts\/16969","targetHints":{"allow":["GET"]}}],"collection":[{"href":"https:\/\/www.pedroandretta.info\/index\/wp-json\/wp\/v2\/posts"}],"about":[{"href":"https:\/\/www.pedroandretta.info\/index\/wp-json\/wp\/v2\/types\/post"}],"author":[{"embeddable":true,"href":"https:\/\/www.pedroandretta.info\/index\/wp-json\/wp\/v2\/users\/1"}],"replies":[{"embeddable":true,"href":"https:\/\/www.pedroandretta.info\/index\/wp-json\/wp\/v2\/comments?post=16969"}],"version-history":[{"count":0,"href":"https:\/\/www.pedroandretta.info\/index\/wp-json\/wp\/v2\/posts\/16969\/revisions"}],"wp:featuredmedia":[{"embeddable":true,"href":"https:\/\/www.pedroandretta.info\/index\/wp-json\/wp\/v2\/media\/16970"}],"wp:attachment":[{"href":"https:\/\/www.pedroandretta.info\/index\/wp-json\/wp\/v2\/media?parent=16969"}],"wp:term":[{"taxonomy":"category","embeddable":true,"href":"https:\/\/www.pedroandretta.info\/index\/wp-json\/wp\/v2\/categories?post=16969"},{"taxonomy":"post_tag","embeddable":true,"href":"https:\/\/www.pedroandretta.info\/index\/wp-json\/wp\/v2\/tags?post=16969"}],"curies":[{"name":"wp","href":"https:\/\/api.w.org\/{rel}","templated":true}]}}