{"id":17050,"date":"2022-09-28T16:58:59","date_gmt":"2022-09-28T20:58:59","guid":{"rendered":"https:\/\/www.pedroandretta.info\/index\/2022\/09\/28\/as-propostas-dos-presidenciaveis-para-a-populacao-negra-uma-analise-comparativa\/"},"modified":"2022-09-28T16:58:59","modified_gmt":"2022-09-28T20:58:59","slug":"as-propostas-dos-presidenciaveis-para-a-populacao-negra-uma-analise-comparativa","status":"publish","type":"post","link":"https:\/\/www.pedroandretta.info\/index\/2022\/09\/as-propostas-dos-presidenciaveis-para-a-populacao-negra-uma-analise-comparativa\/","title":{"rendered":"As propostas dos presidenci\u00e1veis para a popula\u00e7\u00e3o negra: uma an\u00e1lise comparativa&#8230;"},"content":{"rendered":"<p>[ad_1]<br \/>\n<img data-recalc-dims=\"1\" decoding=\"async\" src=\"https:\/\/i0.wp.com\/pbs.twimg.com\/media\/FdxVsoFWAAccFBD.png?w=696&#038;ssl=1\" \/><\/p>\n<p>As propostas dos presidenci\u00e1veis para a popula\u00e7\u00e3o negra: uma an\u00e1lise comparativa dos planos de governo dos candidatos \u00e0 presid\u00eancia em 2022 l &#8220;[&#8230;] Jair Bolsonaro (PL), n\u00e3o apresenta [&#8230;] nenhuma proposta relacionada \u00e0 popula\u00e7\u00e3o negra.&#8221; #Elei\u00e7\u00f5es via OC <a href=\"https:\/\/observatoriodoconhecimento.org.br\/as-propostas-dos-presidenciaveis-para-a-populacao-negra-uma-analise-comparativa-dos-planos-de-governo-dos-candidatos-a-presidencia-em-2022-por-maria-eduarda-o-alves\/\" target=\"_blank\" rel=\"noopener\">observatoriodoconhecimento.org.br\/as-propostas-d\u2026<\/a> <a href=\"https:\/\/t.co\/QXMl4ZY3B7\" target=\"_blank\" rel=\"noopener\">https:\/\/t.co\/QXMl4ZY3B7<\/a><br \/>\n[ad_2]<br \/>\n<br \/>Curadoria: <a href=\"https:\/\/t.co\/qdDIov5LTC\">Projeto Informe-CI<\/a><\/p>\n","protected":false},"excerpt":{"rendered":"<p>[ad_1] As propostas dos presidenci\u00e1veis para a popula\u00e7\u00e3o negra: uma an\u00e1lise comparativa dos planos de governo dos candidatos \u00e0 presid\u00eancia em 2022 l &#8220;[&#8230;] Jair Bolsonaro (PL), n\u00e3o apresenta [&#8230;] nenhuma proposta relacionada \u00e0 popula\u00e7\u00e3o negra.&#8221; #Elei\u00e7\u00f5es via OC observatoriodoconhecimento.org.br\/as-propostas-d\u2026 https:\/\/t.co\/QXMl4ZY3B7 [ad_2] Curadoria: Projeto Informe-CI<\/p>\n","protected":false},"author":1,"featured_media":17051,"comment_status":"open","ping_status":"open","sticky":false,"template":"","format":"standard","meta":{"_jetpack_memberships_contains_paid_content":false,"footnotes":"","jetpack_publicize_message":"","jetpack_publicize_feature_enabled":true,"jetpack_social_post_already_shared":true,"jetpack_social_options":{"image_generator_settings":{"template":"highway","default_image_id":0,"font":"","enabled":false},"version":2}},"categories":[21],"tags":[143],"class_list":["post-17050","post","type-post","status-publish","format-standard","has-post-thumbnail","hentry","category-informeci","tag-eleicoes"],"jetpack_publicize_connections":[],"jetpack_featured_media_url":"https:\/\/i0.wp.com\/www.pedroandretta.info\/index\/wp-content\/uploads\/2022\/09\/FdxVsoFWAAccFBD.png?fit=861%2C544&ssl=1","views":"","jetpack_sharing_enabled":true,"_links":{"self":[{"href":"https:\/\/www.pedroandretta.info\/index\/wp-json\/wp\/v2\/posts\/17050","targetHints":{"allow":["GET"]}}],"collection":[{"href":"https:\/\/www.pedroandretta.info\/index\/wp-json\/wp\/v2\/posts"}],"about":[{"href":"https:\/\/www.pedroandretta.info\/index\/wp-json\/wp\/v2\/types\/post"}],"author":[{"embeddable":true,"href":"https:\/\/www.pedroandretta.info\/index\/wp-json\/wp\/v2\/users\/1"}],"replies":[{"embeddable":true,"href":"https:\/\/www.pedroandretta.info\/index\/wp-json\/wp\/v2\/comments?post=17050"}],"version-history":[{"count":0,"href":"https:\/\/www.pedroandretta.info\/index\/wp-json\/wp\/v2\/posts\/17050\/revisions"}],"wp:featuredmedia":[{"embeddable":true,"href":"https:\/\/www.pedroandretta.info\/index\/wp-json\/wp\/v2\/media\/17051"}],"wp:attachment":[{"href":"https:\/\/www.pedroandretta.info\/index\/wp-json\/wp\/v2\/media?parent=17050"}],"wp:term":[{"taxonomy":"category","embeddable":true,"href":"https:\/\/www.pedroandretta.info\/index\/wp-json\/wp\/v2\/categories?post=17050"},{"taxonomy":"post_tag","embeddable":true,"href":"https:\/\/www.pedroandretta.info\/index\/wp-json\/wp\/v2\/tags?post=17050"}],"curies":[{"name":"wp","href":"https:\/\/api.w.org\/{rel}","templated":true}]}}