{"id":17122,"date":"2022-10-06T15:27:58","date_gmt":"2022-10-06T19:27:58","guid":{"rendered":"https:\/\/www.pedroandretta.info\/index\/2022\/10\/06\/quem-e-nicole-mann-a-primeira-mulher-indigena-a-ir-ao-espaco-l-ela-faz-parte-d\/"},"modified":"2022-10-06T15:27:58","modified_gmt":"2022-10-06T19:27:58","slug":"quem-e-nicole-mann-a-primeira-mulher-indigena-a-ir-ao-espaco-l-ela-faz-parte-d","status":"publish","type":"post","link":"https:\/\/www.pedroandretta.info\/index\/2022\/10\/quem-e-nicole-mann-a-primeira-mulher-indigena-a-ir-ao-espaco-l-ela-faz-parte-d\/","title":{"rendered":"Quem \u00e9 Nicole Mann, a primeira mulher ind\u00edgena a ir ao espa\u00e7o l \u201cEla faz parte d&#8230;"},"content":{"rendered":"<p>[ad_1]<\/p>\n<p>Quem \u00e9 Nicole Mann, a primeira mulher ind\u00edgena a ir ao espa\u00e7o l \u201cEla faz parte da tripula\u00e7\u00e3o mais recente a embarcar rumo \u00e0 Esta\u00e7\u00e3o Espacial Internacional \u2014 e tamb\u00e9m est\u00e1 na lista de candidatas a primeira mulher a pisar na Lua\u201d #PovosInd\u00edgenas via BBC <a href=\"https:\/\/www.bbc.com\/portuguese\/internacional-63148002\" target=\"_blank\" rel=\"noopener\">bbc.com\/portuguese\/int\u2026<\/a><br \/>\n[ad_2]<br \/>\n<br \/>Curadoria: <a href=\"https:\/\/t.co\/qdDIov5LTC\">Projeto Informe-CI<\/a><\/p>\n","protected":false},"excerpt":{"rendered":"<p>[ad_1] Quem \u00e9 Nicole Mann, a primeira mulher ind\u00edgena a ir ao espa\u00e7o l \u201cEla faz parte da tripula\u00e7\u00e3o mais recente a embarcar rumo \u00e0 Esta\u00e7\u00e3o Espacial Internacional \u2014 e tamb\u00e9m est\u00e1 na lista de candidatas a primeira mulher a pisar na Lua\u201d #PovosInd\u00edgenas via BBC bbc.com\/portuguese\/int\u2026 [ad_2] Curadoria: Projeto Informe-CI<\/p>\n","protected":false},"author":1,"featured_media":0,"comment_status":"open","ping_status":"open","sticky":false,"template":"","format":"standard","meta":{"_jetpack_memberships_contains_paid_content":false,"footnotes":"","jetpack_publicize_message":"","jetpack_publicize_feature_enabled":true,"jetpack_social_post_already_shared":true,"jetpack_social_options":{"image_generator_settings":{"template":"highway","default_image_id":0,"font":"","enabled":false},"version":2}},"categories":[21],"tags":[2700],"class_list":["post-17122","post","type-post","status-publish","format-standard","hentry","category-informeci","tag-povosindigenas"],"jetpack_publicize_connections":[],"jetpack_featured_media_url":"","views":"","jetpack_sharing_enabled":true,"_links":{"self":[{"href":"https:\/\/www.pedroandretta.info\/index\/wp-json\/wp\/v2\/posts\/17122","targetHints":{"allow":["GET"]}}],"collection":[{"href":"https:\/\/www.pedroandretta.info\/index\/wp-json\/wp\/v2\/posts"}],"about":[{"href":"https:\/\/www.pedroandretta.info\/index\/wp-json\/wp\/v2\/types\/post"}],"author":[{"embeddable":true,"href":"https:\/\/www.pedroandretta.info\/index\/wp-json\/wp\/v2\/users\/1"}],"replies":[{"embeddable":true,"href":"https:\/\/www.pedroandretta.info\/index\/wp-json\/wp\/v2\/comments?post=17122"}],"version-history":[{"count":0,"href":"https:\/\/www.pedroandretta.info\/index\/wp-json\/wp\/v2\/posts\/17122\/revisions"}],"wp:attachment":[{"href":"https:\/\/www.pedroandretta.info\/index\/wp-json\/wp\/v2\/media?parent=17122"}],"wp:term":[{"taxonomy":"category","embeddable":true,"href":"https:\/\/www.pedroandretta.info\/index\/wp-json\/wp\/v2\/categories?post=17122"},{"taxonomy":"post_tag","embeddable":true,"href":"https:\/\/www.pedroandretta.info\/index\/wp-json\/wp\/v2\/tags?post=17122"}],"curies":[{"name":"wp","href":"https:\/\/api.w.org\/{rel}","templated":true}]}}