{"id":17263,"date":"2022-10-13T14:56:58","date_gmt":"2022-10-13T18:56:58","guid":{"rendered":"https:\/\/www.pedroandretta.info\/index\/2022\/10\/13\/como-fica-a-bancada-da-educacao-na-nova-camara-l-um-levantamento-do-jornal-o-g\/"},"modified":"2022-10-13T14:56:58","modified_gmt":"2022-10-13T18:56:58","slug":"como-fica-a-bancada-da-educacao-na-nova-camara-l-um-levantamento-do-jornal-o-g","status":"publish","type":"post","link":"https:\/\/www.pedroandretta.info\/index\/2022\/10\/como-fica-a-bancada-da-educacao-na-nova-camara-l-um-levantamento-do-jornal-o-g\/","title":{"rendered":"Como fica a bancada da #Educa\u00e7\u00e3o na nova C\u00e2mara l \u201cUm levantamento do Jornal O G&#8230;"},"content":{"rendered":"<p>[ad_1]<br \/>\n<img data-recalc-dims=\"1\" decoding=\"async\" src=\"https:\/\/i0.wp.com\/pbs.twimg.com\/media\/Fe-J-puX0AMkWoV.jpg?w=696&#038;ssl=1\" \/><\/p>\n<p>Como fica a bancada da #Educa\u00e7\u00e3o na nova C\u00e2mara l \u201cUm levantamento do Jornal O Globo mostrou que o n\u00famero de deputados que t\u00eam \u201cdelegado\u201d ou \u201ccoronel\u201d  no seu nome na urna ser\u00e1 maior do que os que usaram \u201cprofessor\u201d ou \u201cprofessora\u201d.\u201d #Elei\u00e7\u00f5es via OC <a href=\"https:\/\/observatoriodoconhecimento.org.br\/como-fica-a-bancada-da-educacao-na-nova-camara\/\" target=\"_blank\" rel=\"noopener\">observatoriodoconhecimento.org.br\/como-fica-a-ba\u2026<\/a> <a href=\"https:\/\/t.co\/J3JGvvlX1s\" target=\"_blank\" rel=\"noopener\">https:\/\/t.co\/J3JGvvlX1s<\/a><br \/>\n[ad_2]<br \/>\n<br \/>Curadoria: <a href=\"https:\/\/t.co\/qdDIov5LTC\">Projeto Informe-CI<\/a><\/p>\n","protected":false},"excerpt":{"rendered":"<p>[ad_1] Como fica a bancada da #Educa\u00e7\u00e3o na nova C\u00e2mara l \u201cUm levantamento do Jornal O Globo mostrou que o n\u00famero de deputados que t\u00eam \u201cdelegado\u201d ou \u201ccoronel\u201d no seu nome na urna ser\u00e1 maior do que os que usaram \u201cprofessor\u201d ou \u201cprofessora\u201d.\u201d #Elei\u00e7\u00f5es via OC observatoriodoconhecimento.org.br\/como-fica-a-ba\u2026 https:\/\/t.co\/J3JGvvlX1s [ad_2] Curadoria: Projeto Informe-CI<\/p>\n","protected":false},"author":1,"featured_media":17264,"comment_status":"open","ping_status":"open","sticky":false,"template":"","format":"standard","meta":{"_jetpack_memberships_contains_paid_content":false,"footnotes":"","jetpack_publicize_message":"","jetpack_publicize_feature_enabled":true,"jetpack_social_post_already_shared":true,"jetpack_social_options":{"image_generator_settings":{"template":"highway","default_image_id":0,"font":"","enabled":false},"version":2}},"categories":[21],"tags":[45,143],"class_list":["post-17263","post","type-post","status-publish","format-standard","has-post-thumbnail","hentry","category-informeci","tag-educacao","tag-eleicoes"],"jetpack_publicize_connections":[],"jetpack_featured_media_url":"https:\/\/i0.wp.com\/www.pedroandretta.info\/index\/wp-content\/uploads\/2022\/10\/Fe-J-puX0AMkWoV.jpg?fit=1080%2C1080&ssl=1","views":"","jetpack_sharing_enabled":true,"_links":{"self":[{"href":"https:\/\/www.pedroandretta.info\/index\/wp-json\/wp\/v2\/posts\/17263","targetHints":{"allow":["GET"]}}],"collection":[{"href":"https:\/\/www.pedroandretta.info\/index\/wp-json\/wp\/v2\/posts"}],"about":[{"href":"https:\/\/www.pedroandretta.info\/index\/wp-json\/wp\/v2\/types\/post"}],"author":[{"embeddable":true,"href":"https:\/\/www.pedroandretta.info\/index\/wp-json\/wp\/v2\/users\/1"}],"replies":[{"embeddable":true,"href":"https:\/\/www.pedroandretta.info\/index\/wp-json\/wp\/v2\/comments?post=17263"}],"version-history":[{"count":0,"href":"https:\/\/www.pedroandretta.info\/index\/wp-json\/wp\/v2\/posts\/17263\/revisions"}],"wp:featuredmedia":[{"embeddable":true,"href":"https:\/\/www.pedroandretta.info\/index\/wp-json\/wp\/v2\/media\/17264"}],"wp:attachment":[{"href":"https:\/\/www.pedroandretta.info\/index\/wp-json\/wp\/v2\/media?parent=17263"}],"wp:term":[{"taxonomy":"category","embeddable":true,"href":"https:\/\/www.pedroandretta.info\/index\/wp-json\/wp\/v2\/categories?post=17263"},{"taxonomy":"post_tag","embeddable":true,"href":"https:\/\/www.pedroandretta.info\/index\/wp-json\/wp\/v2\/tags?post=17263"}],"curies":[{"name":"wp","href":"https:\/\/api.w.org\/{rel}","templated":true}]}}