{"id":17271,"date":"2022-10-14T16:02:08","date_gmt":"2022-10-14T20:02:08","guid":{"rendered":"https:\/\/www.pedroandretta.info\/index\/2022\/10\/14\/mein-kampf-e-a-expressao-de-um-mundo-terrivel-l-vestem-se-com-a-bandeira-verd\/"},"modified":"2022-10-14T16:02:08","modified_gmt":"2022-10-14T20:02:08","slug":"mein-kampf-e-a-expressao-de-um-mundo-terrivel-l-vestem-se-com-a-bandeira-verd","status":"publish","type":"post","link":"https:\/\/www.pedroandretta.info\/index\/2022\/10\/mein-kampf-e-a-expressao-de-um-mundo-terrivel-l-vestem-se-com-a-bandeira-verd\/","title":{"rendered":"\u201cMein Kampf\u201d e a express\u00e3o de um mundo terr\u00edvel l \u201cVestem-se com a bandeira verd&#8230;"},"content":{"rendered":"<p>[ad_1]<br \/>\n<img decoding=\"async\" src=\"https:\/\/i0.wp.com\/jornal.usp.br\/wp-content\/uploads\/2017\/09\/pod_colunistas_marisa_midori.jpg?fit=1400%2C1400&amp;ssl=1\"\/><\/p>\n<p>\u201cMein Kampf\u201d e a express\u00e3o de um mundo terr\u00edvel l \u201cVestem-se com a bandeira verde e amarelo e reproduzem a sauda\u00e7\u00e3o nazista. Mas se esquecem de que as p\u00e1ginas de Minha Luta, de Adolf Hitler, est\u00e3o banhadas de sangue\u201d #Nazismo  #MeinKampf via Jornal da USP <a href=\"https:\/\/jornal.usp.br\/radio-usp\/mein-kampf-e-a-expressao-de-um-mundo-terrivel\/\" target=\"_blank\" rel=\"noopener\">jornal.usp.br\/radio-usp\/mein\u2026<\/a><br \/>\n[ad_2]<br \/>\n<br \/>Curadoria: <a href=\"https:\/\/t.co\/qdDIov5LTC\">Projeto Informe-CI<\/a><\/p>\n","protected":false},"excerpt":{"rendered":"<p>[ad_1] \u201cMein Kampf\u201d e a express\u00e3o de um mundo terr\u00edvel l \u201cVestem-se com a bandeira verde e amarelo e reproduzem a sauda\u00e7\u00e3o nazista. Mas se esquecem de que as p\u00e1ginas de Minha Luta, de Adolf Hitler, est\u00e3o banhadas de sangue\u201d #Nazismo #MeinKampf via Jornal da USP jornal.usp.br\/radio-usp\/mein\u2026 [ad_2] Curadoria: Projeto Informe-CI<\/p>\n","protected":false},"author":1,"featured_media":17272,"comment_status":"open","ping_status":"open","sticky":false,"template":"","format":"standard","meta":{"_jetpack_memberships_contains_paid_content":false,"footnotes":"","jetpack_publicize_message":"","jetpack_publicize_feature_enabled":true,"jetpack_social_post_already_shared":true,"jetpack_social_options":{"image_generator_settings":{"template":"highway","default_image_id":0,"font":"","enabled":false},"version":2}},"categories":[21],"tags":[3306,1033],"class_list":["post-17271","post","type-post","status-publish","format-standard","has-post-thumbnail","hentry","category-informeci","tag-meinkampf","tag-nazismo"],"jetpack_publicize_connections":[],"jetpack_featured_media_url":"https:\/\/i0.wp.com\/www.pedroandretta.info\/index\/wp-content\/uploads\/2022\/10\/pod_colunistas_marisa_midori.jpg?fit=1400%2C1400&ssl=1","views":"","jetpack_sharing_enabled":true,"_links":{"self":[{"href":"https:\/\/www.pedroandretta.info\/index\/wp-json\/wp\/v2\/posts\/17271","targetHints":{"allow":["GET"]}}],"collection":[{"href":"https:\/\/www.pedroandretta.info\/index\/wp-json\/wp\/v2\/posts"}],"about":[{"href":"https:\/\/www.pedroandretta.info\/index\/wp-json\/wp\/v2\/types\/post"}],"author":[{"embeddable":true,"href":"https:\/\/www.pedroandretta.info\/index\/wp-json\/wp\/v2\/users\/1"}],"replies":[{"embeddable":true,"href":"https:\/\/www.pedroandretta.info\/index\/wp-json\/wp\/v2\/comments?post=17271"}],"version-history":[{"count":0,"href":"https:\/\/www.pedroandretta.info\/index\/wp-json\/wp\/v2\/posts\/17271\/revisions"}],"wp:featuredmedia":[{"embeddable":true,"href":"https:\/\/www.pedroandretta.info\/index\/wp-json\/wp\/v2\/media\/17272"}],"wp:attachment":[{"href":"https:\/\/www.pedroandretta.info\/index\/wp-json\/wp\/v2\/media?parent=17271"}],"wp:term":[{"taxonomy":"category","embeddable":true,"href":"https:\/\/www.pedroandretta.info\/index\/wp-json\/wp\/v2\/categories?post=17271"},{"taxonomy":"post_tag","embeddable":true,"href":"https:\/\/www.pedroandretta.info\/index\/wp-json\/wp\/v2\/tags?post=17271"}],"curies":[{"name":"wp","href":"https:\/\/api.w.org\/{rel}","templated":true}]}}