{"id":17305,"date":"2022-10-17T15:05:10","date_gmt":"2022-10-17T19:05:10","guid":{"rendered":"https:\/\/www.pedroandretta.info\/index\/2022\/10\/17\/percepcao-publica-da-ct-no-brasil-l-a-representacao-dos-cientistas-na-cultura\/"},"modified":"2022-10-17T15:05:10","modified_gmt":"2022-10-17T19:05:10","slug":"percepcao-publica-da-ct-no-brasil-l-a-representacao-dos-cientistas-na-cultura","status":"publish","type":"post","link":"https:\/\/www.pedroandretta.info\/index\/2022\/10\/percepcao-publica-da-ct-no-brasil-l-a-representacao-dos-cientistas-na-cultura\/","title":{"rendered":"Percep\u00e7\u00e3o P\u00fablica da C&#038;T no Brasil l &#8220;A representa\u00e7\u00e3o dos cientistas na cultura &#8230;"},"content":{"rendered":"<p>[ad_1]<br \/>\n<img data-recalc-dims=\"1\" decoding=\"async\" src=\"https:\/\/i0.wp.com\/pbs.twimg.com\/media\/FfSxd-UWAAYqpH9.png?w=696&#038;ssl=1\" \/><\/p>\n<p>Percep\u00e7\u00e3o P\u00fablica da C&#038;T no Brasil l &#8220;A representa\u00e7\u00e3o dos cientistas na cultura brasileira tamb\u00e9m foi se mantendo, ao longo dos anos, substancialmente positiva [&#8230;]&#8221;. Para ver a import\u00e2ncia da Divulga\u00e7\u00e3o Cient\u00edfica #Ci\u00eanciaBrasileira #Divulga\u00e7\u00e3oCient\u00edfica <a href=\"https:\/\/www.cgee.org.br\/web\/percepcao\/home\" target=\"_blank\" rel=\"noopener\">cgee.org.br\/web\/percepcao\/\u2026<\/a> <a href=\"https:\/\/t.co\/forXoo135F\" target=\"_blank\" rel=\"noopener\">https:\/\/t.co\/forXoo135F<\/a><br \/>\n[ad_2]<br \/>\n<br \/>Curadoria: <a href=\"https:\/\/t.co\/qdDIov5LTC\">Projeto Informe-CI<\/a><\/p>\n","protected":false},"excerpt":{"rendered":"<p>[ad_1] Percep\u00e7\u00e3o P\u00fablica da C&#038;T no Brasil l &#8220;A representa\u00e7\u00e3o dos cientistas na cultura brasileira tamb\u00e9m foi se mantendo, ao longo dos anos, substancialmente positiva [&#8230;]&#8221;. Para ver a import\u00e2ncia da Divulga\u00e7\u00e3o Cient\u00edfica #Ci\u00eanciaBrasileira #Divulga\u00e7\u00e3oCient\u00edfica cgee.org.br\/web\/percepcao\/\u2026 https:\/\/t.co\/forXoo135F [ad_2] Curadoria: Projeto Informe-CI<\/p>\n","protected":false},"author":1,"featured_media":17306,"comment_status":"open","ping_status":"open","sticky":false,"template":"","format":"standard","meta":{"_jetpack_memberships_contains_paid_content":false,"footnotes":"","jetpack_publicize_message":"","jetpack_publicize_feature_enabled":true,"jetpack_social_post_already_shared":true,"jetpack_social_options":{"image_generator_settings":{"template":"highway","default_image_id":0,"font":"","enabled":false},"version":2}},"categories":[21],"tags":[2422,542],"class_list":["post-17305","post","type-post","status-publish","format-standard","has-post-thumbnail","hentry","category-informeci","tag-cienciabrasileira","tag-divulgacaocientifica"],"jetpack_publicize_connections":[],"jetpack_featured_media_url":"https:\/\/i0.wp.com\/www.pedroandretta.info\/index\/wp-content\/uploads\/2022\/10\/FfSxd-UWAAYqpH9.png?fit=1200%2C595&ssl=1","views":"","jetpack_sharing_enabled":true,"_links":{"self":[{"href":"https:\/\/www.pedroandretta.info\/index\/wp-json\/wp\/v2\/posts\/17305","targetHints":{"allow":["GET"]}}],"collection":[{"href":"https:\/\/www.pedroandretta.info\/index\/wp-json\/wp\/v2\/posts"}],"about":[{"href":"https:\/\/www.pedroandretta.info\/index\/wp-json\/wp\/v2\/types\/post"}],"author":[{"embeddable":true,"href":"https:\/\/www.pedroandretta.info\/index\/wp-json\/wp\/v2\/users\/1"}],"replies":[{"embeddable":true,"href":"https:\/\/www.pedroandretta.info\/index\/wp-json\/wp\/v2\/comments?post=17305"}],"version-history":[{"count":0,"href":"https:\/\/www.pedroandretta.info\/index\/wp-json\/wp\/v2\/posts\/17305\/revisions"}],"wp:featuredmedia":[{"embeddable":true,"href":"https:\/\/www.pedroandretta.info\/index\/wp-json\/wp\/v2\/media\/17306"}],"wp:attachment":[{"href":"https:\/\/www.pedroandretta.info\/index\/wp-json\/wp\/v2\/media?parent=17305"}],"wp:term":[{"taxonomy":"category","embeddable":true,"href":"https:\/\/www.pedroandretta.info\/index\/wp-json\/wp\/v2\/categories?post=17305"},{"taxonomy":"post_tag","embeddable":true,"href":"https:\/\/www.pedroandretta.info\/index\/wp-json\/wp\/v2\/tags?post=17305"}],"curies":[{"name":"wp","href":"https:\/\/api.w.org\/{rel}","templated":true}]}}