{"id":17308,"date":"2022-10-17T16:01:12","date_gmt":"2022-10-17T20:01:12","guid":{"rendered":"https:\/\/www.pedroandretta.info\/index\/2022\/10\/17\/livro-recem-lancado-pelo-bibliotecario-thiago-cirne-reflete-sobre-colecoes-espec\/"},"modified":"2022-10-17T16:01:12","modified_gmt":"2022-10-17T20:01:12","slug":"livro-recem-lancado-pelo-bibliotecario-thiago-cirne-reflete-sobre-colecoes-espec","status":"publish","type":"post","link":"https:\/\/www.pedroandretta.info\/index\/2022\/10\/livro-recem-lancado-pelo-bibliotecario-thiago-cirne-reflete-sobre-colecoes-espec\/","title":{"rendered":"Livro rec\u00e9m-lan\u00e7ado pelo bibliotec\u00e1rio Thiago Cirne reflete sobre Cole\u00e7\u00f5es Espec&#8230;"},"content":{"rendered":"<p>[ad_1]<br \/>\n<img data-recalc-dims=\"1\" decoding=\"async\" src=\"https:\/\/i0.wp.com\/biblioo.info\/wp-content\/uploads\/2021\/08\/livros.jpg?w=696&#038;ssl=1\"\/><\/p>\n<p>Livro rec\u00e9m-lan\u00e7ado pelo bibliotec\u00e1rio Thiago Cirne reflete sobre Cole\u00e7\u00f5es Especiais Jur\u00eddicas l Thiago Cirne<br \/>\n atua como bibliotec\u00e1rio no CEJUR\/PGE-RJ e \u00e9 presidente do Grupo de GIDJ\/RJ. #Cole\u00e7\u00f5esEspeciais #BibliotecasJur\u00eddicas via Bibloo <a href=\"https:\/\/biblioo.info\/livro-recem-lancado-pelo-bibliotecario-thiago-cirne-reflete-sobre-colecoes-especiais-juridicas\/\" target=\"_blank\" rel=\"noopener\">biblioo.info\/livro-recem-la\u2026<\/a><br \/>\n[ad_2]<br \/>\n<br \/>Curadoria: <a href=\"https:\/\/t.co\/qdDIov5LTC\">Projeto Informe-CI<\/a><\/p>\n","protected":false},"excerpt":{"rendered":"<p>[ad_1] Livro rec\u00e9m-lan\u00e7ado pelo bibliotec\u00e1rio Thiago Cirne reflete sobre Cole\u00e7\u00f5es Especiais Jur\u00eddicas l Thiago Cirne atua como bibliotec\u00e1rio no CEJUR\/PGE-RJ e \u00e9 presidente do Grupo de GIDJ\/RJ. #Cole\u00e7\u00f5esEspeciais #BibliotecasJur\u00eddicas via Bibloo biblioo.info\/livro-recem-la\u2026 [ad_2] Curadoria: Projeto Informe-CI<\/p>\n","protected":false},"author":1,"featured_media":17309,"comment_status":"open","ping_status":"open","sticky":false,"template":"","format":"standard","meta":{"_jetpack_newsletter_access":"","_jetpack_dont_email_post_to_subs":false,"_jetpack_newsletter_tier_id":0,"_jetpack_memberships_contains_paywalled_content":false,"_jetpack_feature_clip_id":0,"_jetpack_memberships_contains_paid_content":false,"footnotes":"","jetpack_publicize_message":"","jetpack_publicize_feature_enabled":true,"jetpack_social_post_already_shared":true,"jetpack_social_options":{"image_generator_settings":{"template":"highway","default_image_id":0,"font":"","enabled":false},"version":2},"jetpack_post_was_ever_published":false},"categories":[21],"tags":[1870,1151],"class_list":["post-17308","post","type-post","status-publish","format-standard","has-post-thumbnail","hentry","category-informeci","tag-bibliotecasjuridicas","tag-colecoesespeciais"],"jetpack_publicize_connections":[],"jetpack_featured_media_url":"https:\/\/i0.wp.com\/www.pedroandretta.info\/index\/wp-content\/uploads\/2022\/10\/livros.jpg?fit=1200%2C621&ssl=1","views":"","jetpack_sharing_enabled":true,"_links":{"self":[{"href":"https:\/\/www.pedroandretta.info\/index\/wp-json\/wp\/v2\/posts\/17308","targetHints":{"allow":["GET"]}}],"collection":[{"href":"https:\/\/www.pedroandretta.info\/index\/wp-json\/wp\/v2\/posts"}],"about":[{"href":"https:\/\/www.pedroandretta.info\/index\/wp-json\/wp\/v2\/types\/post"}],"author":[{"embeddable":true,"href":"https:\/\/www.pedroandretta.info\/index\/wp-json\/wp\/v2\/users\/1"}],"replies":[{"embeddable":true,"href":"https:\/\/www.pedroandretta.info\/index\/wp-json\/wp\/v2\/comments?post=17308"}],"version-history":[{"count":0,"href":"https:\/\/www.pedroandretta.info\/index\/wp-json\/wp\/v2\/posts\/17308\/revisions"}],"wp:featuredmedia":[{"embeddable":true,"href":"https:\/\/www.pedroandretta.info\/index\/wp-json\/wp\/v2\/media\/17309"}],"wp:attachment":[{"href":"https:\/\/www.pedroandretta.info\/index\/wp-json\/wp\/v2\/media?parent=17308"}],"wp:term":[{"taxonomy":"category","embeddable":true,"href":"https:\/\/www.pedroandretta.info\/index\/wp-json\/wp\/v2\/categories?post=17308"},{"taxonomy":"post_tag","embeddable":true,"href":"https:\/\/www.pedroandretta.info\/index\/wp-json\/wp\/v2\/tags?post=17308"}],"curies":[{"name":"wp","href":"https:\/\/api.w.org\/{rel}","templated":true}]}}