{"id":17310,"date":"2022-10-17T15:23:22","date_gmt":"2022-10-17T19:23:22","guid":{"rendered":"https:\/\/www.pedroandretta.info\/index\/2022\/10\/17\/museu-do-ipiranga-veta-hq-critica-a-bolsonaro-para-criancas-e-adolescentes-l-in\/"},"modified":"2022-10-17T15:23:22","modified_gmt":"2022-10-17T19:23:22","slug":"museu-do-ipiranga-veta-hq-critica-a-bolsonaro-para-criancas-e-adolescentes-l-in","status":"publish","type":"post","link":"https:\/\/www.pedroandretta.info\/index\/2022\/10\/museu-do-ipiranga-veta-hq-critica-a-bolsonaro-para-criancas-e-adolescentes-l-in\/","title":{"rendered":"Museu do Ipiranga veta HQ cr\u00edtica a Bolsonaro para crian\u00e7as e adolescentes l &#8220;In&#8230;"},"content":{"rendered":"<p>[ad_1]<br \/>\n<img data-recalc-dims=\"1\" decoding=\"async\" src=\"https:\/\/i0.wp.com\/pbs.twimg.com\/media\/FfS1XA_XoAEFPhk.png?w=696&#038;ssl=1\" \/><\/p>\n<p>Museu do Ipiranga veta HQ cr\u00edtica a Bolsonaro para crian\u00e7as e adolescentes l &#8220;Institui\u00e7\u00e3o disse querer evitar &#8216;eventuais pontos de tens\u00e3o&#8217; com a gest\u00e3o federal em parecer&#8221; #GovernoBolsonaro #MuseuDoIpiranga #Censura #HQ via Folha <a href=\"https:\/\/www1.folha.uol.com.br\/colunas\/monicabergamo\/2022\/10\/museu-do-ipiranga-veta-hq-critica-a-bolsonaro-para-criancas-e-adolescentes.shtml\" target=\"_blank\" rel=\"noopener\">www1.folha.uol.com.br\/colunas\/monica\u2026<\/a> <a href=\"https:\/\/t.co\/2QOSQCGZxJ\" target=\"_blank\" rel=\"noopener\">https:\/\/t.co\/2QOSQCGZxJ<\/a><br \/>\n[ad_2]<br \/>\n<br \/>Curadoria: <a href=\"https:\/\/t.co\/qdDIov5LTC\">Projeto Informe-CI<\/a><\/p>\n","protected":false},"excerpt":{"rendered":"<p>[ad_1] Museu do Ipiranga veta HQ cr\u00edtica a Bolsonaro para crian\u00e7as e adolescentes l &#8220;Institui\u00e7\u00e3o disse querer evitar &#8216;eventuais pontos de tens\u00e3o&#8217; com a gest\u00e3o federal em parecer&#8221; #GovernoBolsonaro #MuseuDoIpiranga #Censura #HQ via Folha www1.folha.uol.com.br\/colunas\/monica\u2026 https:\/\/t.co\/2QOSQCGZxJ [ad_2] Curadoria: Projeto Informe-CI<\/p>\n","protected":false},"author":1,"featured_media":17311,"comment_status":"open","ping_status":"open","sticky":false,"template":"","format":"standard","meta":{"_jetpack_memberships_contains_paid_content":false,"footnotes":"","jetpack_publicize_message":"","jetpack_publicize_feature_enabled":true,"jetpack_social_post_already_shared":true,"jetpack_social_options":{"image_generator_settings":{"template":"highway","default_image_id":0,"font":"","enabled":false},"version":2}},"categories":[21],"tags":[168,2267,1680,2579],"class_list":["post-17310","post","type-post","status-publish","format-standard","has-post-thumbnail","hentry","category-informeci","tag-censura","tag-governobolsonaro","tag-historiasemquadrinhos","tag-museudoipiranga"],"jetpack_publicize_connections":[],"jetpack_featured_media_url":"https:\/\/i0.wp.com\/www.pedroandretta.info\/index\/wp-content\/uploads\/2022\/10\/FfS1XA_XoAEFPhk.png?fit=553%2C455&ssl=1","views":"","jetpack_sharing_enabled":true,"_links":{"self":[{"href":"https:\/\/www.pedroandretta.info\/index\/wp-json\/wp\/v2\/posts\/17310","targetHints":{"allow":["GET"]}}],"collection":[{"href":"https:\/\/www.pedroandretta.info\/index\/wp-json\/wp\/v2\/posts"}],"about":[{"href":"https:\/\/www.pedroandretta.info\/index\/wp-json\/wp\/v2\/types\/post"}],"author":[{"embeddable":true,"href":"https:\/\/www.pedroandretta.info\/index\/wp-json\/wp\/v2\/users\/1"}],"replies":[{"embeddable":true,"href":"https:\/\/www.pedroandretta.info\/index\/wp-json\/wp\/v2\/comments?post=17310"}],"version-history":[{"count":0,"href":"https:\/\/www.pedroandretta.info\/index\/wp-json\/wp\/v2\/posts\/17310\/revisions"}],"wp:featuredmedia":[{"embeddable":true,"href":"https:\/\/www.pedroandretta.info\/index\/wp-json\/wp\/v2\/media\/17311"}],"wp:attachment":[{"href":"https:\/\/www.pedroandretta.info\/index\/wp-json\/wp\/v2\/media?parent=17310"}],"wp:term":[{"taxonomy":"category","embeddable":true,"href":"https:\/\/www.pedroandretta.info\/index\/wp-json\/wp\/v2\/categories?post=17310"},{"taxonomy":"post_tag","embeddable":true,"href":"https:\/\/www.pedroandretta.info\/index\/wp-json\/wp\/v2\/tags?post=17310"}],"curies":[{"name":"wp","href":"https:\/\/api.w.org\/{rel}","templated":true}]}}