{"id":17449,"date":"2022-10-27T15:40:35","date_gmt":"2022-10-27T19:40:35","guid":{"rendered":"https:\/\/www.pedroandretta.info\/index\/2022\/10\/27\/eleicao-nos-forca-a-repensar-nosso-consumo-de-informacoes-l-evitar-e-silenciar\/"},"modified":"2022-10-27T15:40:35","modified_gmt":"2022-10-27T19:40:35","slug":"eleicao-nos-forca-a-repensar-nosso-consumo-de-informacoes-l-evitar-e-silenciar","status":"publish","type":"post","link":"https:\/\/www.pedroandretta.info\/index\/2022\/10\/eleicao-nos-forca-a-repensar-nosso-consumo-de-informacoes-l-evitar-e-silenciar\/","title":{"rendered":"Elei\u00e7\u00e3o nos for\u00e7a a repensar nosso consumo de informa\u00e7\u00f5es l &#8220;Evitar e silenciar &#8230;"},"content":{"rendered":"<p>[ad_1]<br \/>\n<img data-recalc-dims=\"1\" decoding=\"async\" src=\"https:\/\/i0.wp.com\/f.i.uol.com.br\/fotografia\/2022\/09\/29\/16644706486335ce78a219b_1664470648_3x2_rt.jpg?w=696&#038;ssl=1\"\/><\/p>\n<p>Elei\u00e7\u00e3o nos for\u00e7a a repensar nosso consumo de informa\u00e7\u00f5es l &#8220;Evitar e silenciar perfis de certos colegas e parentes tamb\u00e9m \u00e9 uma maneira de n\u00e3o ca\u00e7ar conflito e de n\u00e3o se expor a mensagens que causam ang\u00fastia.&#8221; #Elei\u00e7\u00f5es #ConsumoDeInforma\u00e7\u00e3o via Folha <a href=\"https:\/\/www1.folha.uol.com.br\/educacao\/2022\/10\/eleicao-nos-forca-a-repensar-nosso-consumo-de-informacoes.shtml\" target=\"_blank\" rel=\"noopener\">www1.folha.uol.com.br\/educacao\/2022\/\u2026<\/a><br \/>\n[ad_2]<br \/>\n<br \/>Curadoria: <a href=\"https:\/\/t.co\/qdDIov5LTC\">Projeto Informe-CI<\/a><\/p>\n","protected":false},"excerpt":{"rendered":"<p>[ad_1] Elei\u00e7\u00e3o nos for\u00e7a a repensar nosso consumo de informa\u00e7\u00f5es l &#8220;Evitar e silenciar perfis de certos colegas e parentes tamb\u00e9m \u00e9 uma maneira de n\u00e3o ca\u00e7ar conflito e de n\u00e3o se expor a mensagens que causam ang\u00fastia.&#8221; #Elei\u00e7\u00f5es #ConsumoDeInforma\u00e7\u00e3o via Folha www1.folha.uol.com.br\/educacao\/2022\/\u2026 [ad_2] Curadoria: Projeto Informe-CI<\/p>\n","protected":false},"author":1,"featured_media":17450,"comment_status":"open","ping_status":"open","sticky":false,"template":"","format":"standard","meta":{"_jetpack_newsletter_access":"","_jetpack_dont_email_post_to_subs":false,"_jetpack_newsletter_tier_id":0,"_jetpack_memberships_contains_paywalled_content":false,"_jetpack_feature_clip_id":0,"_jetpack_memberships_contains_paid_content":false,"footnotes":"","jetpack_publicize_message":"","jetpack_publicize_feature_enabled":true,"jetpack_social_post_already_shared":true,"jetpack_social_options":{"image_generator_settings":{"template":"highway","default_image_id":0,"font":"","enabled":false},"version":2},"jetpack_post_was_ever_published":false},"categories":[21],"tags":[2012,143],"class_list":["post-17449","post","type-post","status-publish","format-standard","has-post-thumbnail","hentry","category-informeci","tag-consumodeinformacao","tag-eleicoes"],"jetpack_publicize_connections":[],"jetpack_featured_media_url":"https:\/\/i0.wp.com\/www.pedroandretta.info\/index\/wp-content\/uploads\/2022\/10\/16644706486335ce78a219b_1664470648_3x2_rt.jpg?fit=2400%2C1600&ssl=1","views":"","jetpack_sharing_enabled":true,"_links":{"self":[{"href":"https:\/\/www.pedroandretta.info\/index\/wp-json\/wp\/v2\/posts\/17449","targetHints":{"allow":["GET"]}}],"collection":[{"href":"https:\/\/www.pedroandretta.info\/index\/wp-json\/wp\/v2\/posts"}],"about":[{"href":"https:\/\/www.pedroandretta.info\/index\/wp-json\/wp\/v2\/types\/post"}],"author":[{"embeddable":true,"href":"https:\/\/www.pedroandretta.info\/index\/wp-json\/wp\/v2\/users\/1"}],"replies":[{"embeddable":true,"href":"https:\/\/www.pedroandretta.info\/index\/wp-json\/wp\/v2\/comments?post=17449"}],"version-history":[{"count":0,"href":"https:\/\/www.pedroandretta.info\/index\/wp-json\/wp\/v2\/posts\/17449\/revisions"}],"wp:featuredmedia":[{"embeddable":true,"href":"https:\/\/www.pedroandretta.info\/index\/wp-json\/wp\/v2\/media\/17450"}],"wp:attachment":[{"href":"https:\/\/www.pedroandretta.info\/index\/wp-json\/wp\/v2\/media?parent=17449"}],"wp:term":[{"taxonomy":"category","embeddable":true,"href":"https:\/\/www.pedroandretta.info\/index\/wp-json\/wp\/v2\/categories?post=17449"},{"taxonomy":"post_tag","embeddable":true,"href":"https:\/\/www.pedroandretta.info\/index\/wp-json\/wp\/v2\/tags?post=17449"}],"curies":[{"name":"wp","href":"https:\/\/api.w.org\/{rel}","templated":true}]}}