{"id":17469,"date":"2022-10-29T15:21:25","date_gmt":"2022-10-29T19:21:25","guid":{"rendered":"https:\/\/www.pedroandretta.info\/index\/2022\/10\/29\/o-pais-com-os-politicos-mais-jovens-do-mundo-l-quando-se-trata-de-eleger-j\/"},"modified":"2022-10-29T15:21:25","modified_gmt":"2022-10-29T19:21:25","slug":"o-pais-com-os-politicos-mais-jovens-do-mundo-l-quando-se-trata-de-eleger-j","status":"publish","type":"post","link":"https:\/\/www.pedroandretta.info\/index\/2022\/10\/o-pais-com-os-politicos-mais-jovens-do-mundo-l-quando-se-trata-de-eleger-j\/","title":{"rendered":"O pa\u00eds com os pol\u00edticos mais jovens do mundo l&#8221;[&#8230;] quando se trata de eleger j&#8230;"},"content":{"rendered":"<p>[ad_1]<\/p>\n<p>O pa\u00eds com os pol\u00edticos mais jovens do mundo l&#8221;[&#8230;] quando se trata de eleger jovens representantes, o pa\u00eds que ocupa o topo desse p\u00f3dio \u00e9 a Noruega.[&#8230;]Em contraste, o parlamento brit\u00e2nico n\u00e3o tem pessoas com menos de 30 anos&#8221; #Noruega #Pol\u00edtica via BBC <a href=\"https:\/\/www.bbc.com\/portuguese\/curiosidades-63438417\" target=\"_blank\" rel=\"noopener\">bbc.com\/portuguese\/cur\u2026<\/a><br \/>\n[ad_2]<br \/>\n<br \/>Curadoria: <a href=\"https:\/\/t.co\/qdDIov5LTC\">Projeto Informe-CI<\/a><\/p>\n","protected":false},"excerpt":{"rendered":"<p>[ad_1] O pa\u00eds com os pol\u00edticos mais jovens do mundo l&#8221;[&#8230;] quando se trata de eleger jovens representantes, o pa\u00eds que ocupa o topo desse p\u00f3dio \u00e9 a Noruega.[&#8230;]Em contraste, o parlamento brit\u00e2nico n\u00e3o tem pessoas com menos de 30 anos&#8221; #Noruega #Pol\u00edtica via BBC bbc.com\/portuguese\/cur\u2026 [ad_2] Curadoria: Projeto Informe-CI<\/p>\n","protected":false},"author":1,"featured_media":0,"comment_status":"open","ping_status":"open","sticky":false,"template":"","format":"standard","meta":{"_jetpack_memberships_contains_paid_content":false,"footnotes":"","jetpack_publicize_message":"","jetpack_publicize_feature_enabled":true,"jetpack_social_post_already_shared":true,"jetpack_social_options":{"image_generator_settings":{"template":"highway","default_image_id":0,"font":"","enabled":false},"version":2}},"categories":[21],"tags":[2125,412],"class_list":["post-17469","post","type-post","status-publish","format-standard","hentry","category-informeci","tag-noruega","tag-politica"],"jetpack_publicize_connections":[],"jetpack_featured_media_url":"","views":"","jetpack_sharing_enabled":true,"_links":{"self":[{"href":"https:\/\/www.pedroandretta.info\/index\/wp-json\/wp\/v2\/posts\/17469","targetHints":{"allow":["GET"]}}],"collection":[{"href":"https:\/\/www.pedroandretta.info\/index\/wp-json\/wp\/v2\/posts"}],"about":[{"href":"https:\/\/www.pedroandretta.info\/index\/wp-json\/wp\/v2\/types\/post"}],"author":[{"embeddable":true,"href":"https:\/\/www.pedroandretta.info\/index\/wp-json\/wp\/v2\/users\/1"}],"replies":[{"embeddable":true,"href":"https:\/\/www.pedroandretta.info\/index\/wp-json\/wp\/v2\/comments?post=17469"}],"version-history":[{"count":0,"href":"https:\/\/www.pedroandretta.info\/index\/wp-json\/wp\/v2\/posts\/17469\/revisions"}],"wp:attachment":[{"href":"https:\/\/www.pedroandretta.info\/index\/wp-json\/wp\/v2\/media?parent=17469"}],"wp:term":[{"taxonomy":"category","embeddable":true,"href":"https:\/\/www.pedroandretta.info\/index\/wp-json\/wp\/v2\/categories?post=17469"},{"taxonomy":"post_tag","embeddable":true,"href":"https:\/\/www.pedroandretta.info\/index\/wp-json\/wp\/v2\/tags?post=17469"}],"curies":[{"name":"wp","href":"https:\/\/api.w.org\/{rel}","templated":true}]}}