{"id":17581,"date":"2022-11-09T00:05:33","date_gmt":"2022-11-09T04:05:33","guid":{"rendered":"https:\/\/www.pedroandretta.info\/index\/2022\/11\/09\/o-que-e-a-profissao-de-bibliotecario-l-neste-episodio-a-faroleira-camila-marti\/"},"modified":"2022-11-09T00:05:33","modified_gmt":"2022-11-09T04:05:33","slug":"o-que-e-a-profissao-de-bibliotecario-l-neste-episodio-a-faroleira-camila-marti","status":"publish","type":"post","link":"https:\/\/www.pedroandretta.info\/index\/2022\/11\/o-que-e-a-profissao-de-bibliotecario-l-neste-episodio-a-faroleira-camila-marti\/","title":{"rendered":"O que \u00e9 a profiss\u00e3o de bibliotec\u00e1rio? l &#8220;Neste epis\u00f3dio a faroleira Camila Marti&#8230;"},"content":{"rendered":"<p>[ad_1]<\/p>\n<p>O que \u00e9 a profiss\u00e3o de bibliotec\u00e1rio? l &#8220;Neste epis\u00f3dio a faroleira Camila Martineli Costa apresenta um copilado acerca da profiss\u00e3o bibliotec\u00e1rio, e dicas para se aprofundar mais sobre essa profiss\u00e3o humanista.&#8221; #Bibliotec\u00e1rios #Biblioteconomia via Farol <a href=\"https:\/\/www.ufrgs.br\/farol\/episodio\/01-o-que-e-a-profissao-de-bibliotecario-1o-temporada\/\" target=\"_blank\" rel=\"noopener\">ufrgs.br\/farol\/episodio\u2026<\/a><br \/>\n[ad_2]<br \/>\n<br \/>Curadoria: <a href=\"https:\/\/t.co\/qdDIov5LTC\">Projeto Informe-CI<\/a><\/p>\n","protected":false},"excerpt":{"rendered":"<p>[ad_1] O que \u00e9 a profiss\u00e3o de bibliotec\u00e1rio? l &#8220;Neste epis\u00f3dio a faroleira Camila Martineli Costa apresenta um copilado acerca da profiss\u00e3o bibliotec\u00e1rio, e dicas para se aprofundar mais sobre essa profiss\u00e3o humanista.&#8221; #Bibliotec\u00e1rios #Biblioteconomia via Farol ufrgs.br\/farol\/episodio\u2026 [ad_2] Curadoria: Projeto Informe-CI<\/p>\n","protected":false},"author":1,"featured_media":0,"comment_status":"open","ping_status":"open","sticky":false,"template":"","format":"standard","meta":{"_jetpack_memberships_contains_paid_content":false,"footnotes":"","jetpack_publicize_message":"","jetpack_publicize_feature_enabled":true,"jetpack_social_post_already_shared":true,"jetpack_social_options":{"image_generator_settings":{"template":"highway","default_image_id":0,"font":"","enabled":false},"version":2}},"categories":[21],"tags":[22,33],"class_list":["post-17581","post","type-post","status-publish","format-standard","hentry","category-informeci","tag-bibliotecarios","tag-biblioteconomia"],"jetpack_publicize_connections":[],"jetpack_featured_media_url":"","views":"","jetpack_sharing_enabled":true,"_links":{"self":[{"href":"https:\/\/www.pedroandretta.info\/index\/wp-json\/wp\/v2\/posts\/17581","targetHints":{"allow":["GET"]}}],"collection":[{"href":"https:\/\/www.pedroandretta.info\/index\/wp-json\/wp\/v2\/posts"}],"about":[{"href":"https:\/\/www.pedroandretta.info\/index\/wp-json\/wp\/v2\/types\/post"}],"author":[{"embeddable":true,"href":"https:\/\/www.pedroandretta.info\/index\/wp-json\/wp\/v2\/users\/1"}],"replies":[{"embeddable":true,"href":"https:\/\/www.pedroandretta.info\/index\/wp-json\/wp\/v2\/comments?post=17581"}],"version-history":[{"count":0,"href":"https:\/\/www.pedroandretta.info\/index\/wp-json\/wp\/v2\/posts\/17581\/revisions"}],"wp:attachment":[{"href":"https:\/\/www.pedroandretta.info\/index\/wp-json\/wp\/v2\/media?parent=17581"}],"wp:term":[{"taxonomy":"category","embeddable":true,"href":"https:\/\/www.pedroandretta.info\/index\/wp-json\/wp\/v2\/categories?post=17581"},{"taxonomy":"post_tag","embeddable":true,"href":"https:\/\/www.pedroandretta.info\/index\/wp-json\/wp\/v2\/tags?post=17581"}],"curies":[{"name":"wp","href":"https:\/\/api.w.org\/{rel}","templated":true}]}}