{"id":17583,"date":"2022-11-10T08:28:20","date_gmt":"2022-11-10T12:28:20","guid":{"rendered":"https:\/\/www.pedroandretta.info\/index\/2022\/11\/10\/ataques-a-liberdade-academica-gera-movimento-de-professores-e-pesquisadores-l-5\/"},"modified":"2022-11-10T08:28:20","modified_gmt":"2022-11-10T12:28:20","slug":"ataques-a-liberdade-academica-gera-movimento-de-professores-e-pesquisadores-l-5","status":"publish","type":"post","link":"https:\/\/www.pedroandretta.info\/index\/2022\/11\/ataques-a-liberdade-academica-gera-movimento-de-professores-e-pesquisadores-l-5\/","title":{"rendered":"Ataques \u00e0 liberdade acad\u00eamica gera movimento de professores e pesquisadores l &#8220;5&#8230;"},"content":{"rendered":"<p>[ad_1]<\/p>\n<p>Ataques \u00e0 liberdade acad\u00eamica gera movimento de professores e pesquisadores l &#8220;58% dos educadores conhecem casos de pessoas que sofreram interven\u00e7\u00f5es em pesquisas e aulas&#8221; #LiberdadeAcad\u00eamica #Censura #EscolaSemPartido via Ci\u00eancia e Cultura <a href=\"https:\/\/revistacienciaecultura.org.br\/?p=3357\" target=\"_blank\" rel=\"noopener\">revistacienciaecultura.org.br\/?p=3357<\/a><br \/>\n[ad_2]<br \/>\n<br \/>Curadoria: <a href=\"https:\/\/t.co\/qdDIov5LTC\">Projeto Informe-CI<\/a><\/p>\n","protected":false},"excerpt":{"rendered":"<p>[ad_1] Ataques \u00e0 liberdade acad\u00eamica gera movimento de professores e pesquisadores l &#8220;58% dos educadores conhecem casos de pessoas que sofreram interven\u00e7\u00f5es em pesquisas e aulas&#8221; #LiberdadeAcad\u00eamica #Censura #EscolaSemPartido via Ci\u00eancia e Cultura revistacienciaecultura.org.br\/?p=3357 [ad_2] Curadoria: Projeto Informe-CI<\/p>\n","protected":false},"author":1,"featured_media":0,"comment_status":"open","ping_status":"open","sticky":false,"template":"","format":"standard","meta":{"_jetpack_memberships_contains_paid_content":false,"footnotes":"","jetpack_publicize_message":"","jetpack_publicize_feature_enabled":true,"jetpack_social_post_already_shared":true,"jetpack_social_options":{"image_generator_settings":{"template":"highway","default_image_id":0,"font":"","enabled":false},"version":2}},"categories":[21],"tags":[168,2003,3201],"class_list":["post-17583","post","type-post","status-publish","format-standard","hentry","category-informeci","tag-censura","tag-escolasempartido","tag-liberdadeacademica"],"jetpack_publicize_connections":[],"jetpack_featured_media_url":"","views":"","jetpack_sharing_enabled":true,"_links":{"self":[{"href":"https:\/\/www.pedroandretta.info\/index\/wp-json\/wp\/v2\/posts\/17583","targetHints":{"allow":["GET"]}}],"collection":[{"href":"https:\/\/www.pedroandretta.info\/index\/wp-json\/wp\/v2\/posts"}],"about":[{"href":"https:\/\/www.pedroandretta.info\/index\/wp-json\/wp\/v2\/types\/post"}],"author":[{"embeddable":true,"href":"https:\/\/www.pedroandretta.info\/index\/wp-json\/wp\/v2\/users\/1"}],"replies":[{"embeddable":true,"href":"https:\/\/www.pedroandretta.info\/index\/wp-json\/wp\/v2\/comments?post=17583"}],"version-history":[{"count":0,"href":"https:\/\/www.pedroandretta.info\/index\/wp-json\/wp\/v2\/posts\/17583\/revisions"}],"wp:attachment":[{"href":"https:\/\/www.pedroandretta.info\/index\/wp-json\/wp\/v2\/media?parent=17583"}],"wp:term":[{"taxonomy":"category","embeddable":true,"href":"https:\/\/www.pedroandretta.info\/index\/wp-json\/wp\/v2\/categories?post=17583"},{"taxonomy":"post_tag","embeddable":true,"href":"https:\/\/www.pedroandretta.info\/index\/wp-json\/wp\/v2\/tags?post=17583"}],"curies":[{"name":"wp","href":"https:\/\/api.w.org\/{rel}","templated":true}]}}