{"id":17761,"date":"2022-11-24T17:48:53","date_gmt":"2022-11-24T21:48:53","guid":{"rendered":"https:\/\/www.pedroandretta.info\/index\/2022\/11\/24\/lancada-nova-edicao-da-ciencia-da-informacao-do-ibict-l-gestaodoconhecimento\/"},"modified":"2022-11-24T17:48:53","modified_gmt":"2022-11-24T21:48:53","slug":"lancada-nova-edicao-da-ciencia-da-informacao-do-ibict-l-gestaodoconhecimento","status":"publish","type":"post","link":"https:\/\/www.pedroandretta.info\/index\/2022\/11\/lancada-nova-edicao-da-ciencia-da-informacao-do-ibict-l-gestaodoconhecimento\/","title":{"rendered":"Lan\u00e7ada nova edi\u00e7\u00e3o da Ci\u00eancia da Informa\u00e7\u00e3o, do IBICT l #Gest\u00e3oDoConhecimento #&#8230;"},"content":{"rendered":"<p>[ad_1]<br \/>\n<img data-recalc-dims=\"1\" decoding=\"async\" src=\"https:\/\/i0.wp.com\/pbs.twimg.com\/media\/FiXDjKQWYAA2OmI.png?w=696&#038;ssl=1\" \/><\/p>\n<p>Lan\u00e7ada nova edi\u00e7\u00e3o da Ci\u00eancia da Informa\u00e7\u00e3o, do IBICT l #Gest\u00e3oDoConhecimento #Infodemia #BibliotecasUniversit\u00e1rias #Contabilidade #Produ\u00e7\u00e3oCient\u00edfica #DireitoAoEsquecimento  #RevistasCI <a href=\"https:\/\/revista.ibict.br\/ciinf\/issue\/view\/311\" target=\"_blank\" rel=\"noopener\">revista.ibict.br\/ciinf\/issue\/vi\u2026<\/a> <a href=\"https:\/\/t.co\/Oib9oBYBzj\" target=\"_blank\" rel=\"noopener\">https:\/\/t.co\/Oib9oBYBzj<\/a><br \/>\n[ad_2]<br \/>\n<br \/>Acesse o item em: <a href=\"https:\/\/revista.ibict.br\/ciinf\/issue\/view\/311\">https:\/\/revista.ibict.br\/ciinf\/issue\/view\/311<\/a><\/p>\n","protected":false},"excerpt":{"rendered":"<p>[ad_1] Lan\u00e7ada nova edi\u00e7\u00e3o da Ci\u00eancia da Informa\u00e7\u00e3o, do IBICT l #Gest\u00e3oDoConhecimento #Infodemia #BibliotecasUniversit\u00e1rias #Contabilidade #Produ\u00e7\u00e3oCient\u00edfica #DireitoAoEsquecimento #RevistasCI revista.ibict.br\/ciinf\/issue\/vi\u2026 https:\/\/t.co\/Oib9oBYBzj [ad_2] Acesse o item em: https:\/\/revista.ibict.br\/ciinf\/issue\/view\/311<\/p>\n","protected":false},"author":1,"featured_media":17762,"comment_status":"open","ping_status":"open","sticky":false,"template":"","format":"standard","meta":{"_jetpack_memberships_contains_paid_content":false,"footnotes":"","jetpack_publicize_message":"","jetpack_publicize_feature_enabled":true,"jetpack_social_post_already_shared":true,"jetpack_social_options":{"image_generator_settings":{"template":"highway","default_image_id":0,"font":"","enabled":false},"version":2}},"categories":[21],"tags":[114,3358,234,609,822,337,196],"class_list":["post-17761","post","type-post","status-publish","format-standard","has-post-thumbnail","hentry","category-informeci","tag-bibliotecasuniversitarias","tag-contabilidade","tag-direitoaoesquecimento","tag-gestaodoconhecimento","tag-infodemia","tag-producaocientifica","tag-revistasci"],"jetpack_publicize_connections":[],"jetpack_featured_media_url":"https:\/\/i0.wp.com\/www.pedroandretta.info\/index\/wp-content\/uploads\/2022\/11\/FiXDjKQWYAA2OmI.png?fit=300%2C425&ssl=1","views":"","jetpack_sharing_enabled":true,"_links":{"self":[{"href":"https:\/\/www.pedroandretta.info\/index\/wp-json\/wp\/v2\/posts\/17761","targetHints":{"allow":["GET"]}}],"collection":[{"href":"https:\/\/www.pedroandretta.info\/index\/wp-json\/wp\/v2\/posts"}],"about":[{"href":"https:\/\/www.pedroandretta.info\/index\/wp-json\/wp\/v2\/types\/post"}],"author":[{"embeddable":true,"href":"https:\/\/www.pedroandretta.info\/index\/wp-json\/wp\/v2\/users\/1"}],"replies":[{"embeddable":true,"href":"https:\/\/www.pedroandretta.info\/index\/wp-json\/wp\/v2\/comments?post=17761"}],"version-history":[{"count":0,"href":"https:\/\/www.pedroandretta.info\/index\/wp-json\/wp\/v2\/posts\/17761\/revisions"}],"wp:featuredmedia":[{"embeddable":true,"href":"https:\/\/www.pedroandretta.info\/index\/wp-json\/wp\/v2\/media\/17762"}],"wp:attachment":[{"href":"https:\/\/www.pedroandretta.info\/index\/wp-json\/wp\/v2\/media?parent=17761"}],"wp:term":[{"taxonomy":"category","embeddable":true,"href":"https:\/\/www.pedroandretta.info\/index\/wp-json\/wp\/v2\/categories?post=17761"},{"taxonomy":"post_tag","embeddable":true,"href":"https:\/\/www.pedroandretta.info\/index\/wp-json\/wp\/v2\/tags?post=17761"}],"curies":[{"name":"wp","href":"https:\/\/api.w.org\/{rel}","templated":true}]}}