{"id":17767,"date":"2022-11-25T15:22:19","date_gmt":"2022-11-25T19:22:19","guid":{"rendered":"https:\/\/www.pedroandretta.info\/index\/2022\/11\/25\/gratidao-pelas-bibliotecas-l-em-uma-era-de-crescente-proibicao-de-livros-reduc\/"},"modified":"2022-11-25T15:22:19","modified_gmt":"2022-11-25T19:22:19","slug":"gratidao-pelas-bibliotecas-l-em-uma-era-de-crescente-proibicao-de-livros-reduc","status":"publish","type":"post","link":"https:\/\/www.pedroandretta.info\/index\/2022\/11\/gratidao-pelas-bibliotecas-l-em-uma-era-de-crescente-proibicao-de-livros-reduc\/","title":{"rendered":"Gratid\u00e3o pelas bibliotecas l &#8220;Em uma era de crescente proibi\u00e7\u00e3o de livros, redu\u00e7&#8230;"},"content":{"rendered":"<p>[ad_1]<br \/>\n<img data-recalc-dims=\"1\" decoding=\"async\" src=\"https:\/\/i0.wp.com\/static01.nyt.com\/images\/2022\/11\/28\/opinion\/23blow-SWAP\/23blow-SWAP-videoSixteenByNine3000.jpg?w=696&#038;ssl=1\"\/><\/p>\n<p>Gratid\u00e3o pelas bibliotecas l &#8220;Em uma era de crescente proibi\u00e7\u00e3o de livros, redu\u00e7\u00e3o de fundos de bibliotecas e at\u00e9 amea\u00e7as de bomba, [&#8230;], mais do que nunca, devo deixar claro o qu\u00e3o valiosas e centrais as #bibliotecas t\u00eam sido [&#8230;]&#8221; \ud83c\uddfa\ud83c\uddf8 via New York Times <a href=\"https:\/\/www.nytimes.com\/2022\/11\/23\/opinion\/thankful-libraries-books.html\" target=\"_blank\" rel=\"noopener\">nytimes.com\/2022\/11\/23\/opi\u2026<\/a><br \/>\n[ad_2]<br \/>\n<br \/>Acesse o item em: <a href=\"https:\/\/www.nytimes.com\/2022\/11\/23\/opinion\/thankful-libraries-books.html\">https:\/\/www.nytimes.com\/2022\/11\/23\/opinion\/thankful-libraries-books.html<\/a><\/p>\n","protected":false},"excerpt":{"rendered":"<p>[ad_1] Gratid\u00e3o pelas bibliotecas l &#8220;Em uma era de crescente proibi\u00e7\u00e3o de livros, redu\u00e7\u00e3o de fundos de bibliotecas e at\u00e9 amea\u00e7as de bomba, [&#8230;], mais do que nunca, devo deixar claro o qu\u00e3o valiosas e centrais as #bibliotecas t\u00eam sido [&#8230;]&#8221; \ud83c\uddfa\ud83c\uddf8 via New York Times nytimes.com\/2022\/11\/23\/opi\u2026 [ad_2] Acesse o item em: https:\/\/www.nytimes.com\/2022\/11\/23\/opinion\/thankful-libraries-books.html<\/p>\n","protected":false},"author":1,"featured_media":17768,"comment_status":"open","ping_status":"open","sticky":false,"template":"","format":"standard","meta":{"_jetpack_memberships_contains_paid_content":false,"footnotes":"","jetpack_publicize_message":"","jetpack_publicize_feature_enabled":true,"jetpack_social_post_already_shared":true,"jetpack_social_options":{"image_generator_settings":{"template":"highway","default_image_id":0,"font":"","enabled":false},"version":2}},"categories":[21],"tags":[38],"class_list":["post-17767","post","type-post","status-publish","format-standard","has-post-thumbnail","hentry","category-informeci","tag-bibliotecas"],"jetpack_publicize_connections":[],"jetpack_featured_media_url":"https:\/\/i0.wp.com\/www.pedroandretta.info\/index\/wp-content\/uploads\/2022\/11\/23blow-SWAP-videoSixteenByNine3000-scaled.jpg?fit=2560%2C1440&ssl=1","views":"","jetpack_sharing_enabled":true,"_links":{"self":[{"href":"https:\/\/www.pedroandretta.info\/index\/wp-json\/wp\/v2\/posts\/17767","targetHints":{"allow":["GET"]}}],"collection":[{"href":"https:\/\/www.pedroandretta.info\/index\/wp-json\/wp\/v2\/posts"}],"about":[{"href":"https:\/\/www.pedroandretta.info\/index\/wp-json\/wp\/v2\/types\/post"}],"author":[{"embeddable":true,"href":"https:\/\/www.pedroandretta.info\/index\/wp-json\/wp\/v2\/users\/1"}],"replies":[{"embeddable":true,"href":"https:\/\/www.pedroandretta.info\/index\/wp-json\/wp\/v2\/comments?post=17767"}],"version-history":[{"count":0,"href":"https:\/\/www.pedroandretta.info\/index\/wp-json\/wp\/v2\/posts\/17767\/revisions"}],"wp:featuredmedia":[{"embeddable":true,"href":"https:\/\/www.pedroandretta.info\/index\/wp-json\/wp\/v2\/media\/17768"}],"wp:attachment":[{"href":"https:\/\/www.pedroandretta.info\/index\/wp-json\/wp\/v2\/media?parent=17767"}],"wp:term":[{"taxonomy":"category","embeddable":true,"href":"https:\/\/www.pedroandretta.info\/index\/wp-json\/wp\/v2\/categories?post=17767"},{"taxonomy":"post_tag","embeddable":true,"href":"https:\/\/www.pedroandretta.info\/index\/wp-json\/wp\/v2\/tags?post=17767"}],"curies":[{"name":"wp","href":"https:\/\/api.w.org\/{rel}","templated":true}]}}