{"id":17779,"date":"2022-11-26T15:00:50","date_gmt":"2022-11-26T19:00:50","guid":{"rendered":"https:\/\/www.pedroandretta.info\/index\/2022\/11\/26\/as-mentiras-do-eu-l-verifica-se-que-as-pecas-de-desinformacao-via-audio\/"},"modified":"2022-11-26T15:00:50","modified_gmt":"2022-11-26T19:00:50","slug":"as-mentiras-do-eu-l-verifica-se-que-as-pecas-de-desinformacao-via-audio","status":"publish","type":"post","link":"https:\/\/www.pedroandretta.info\/index\/2022\/11\/as-mentiras-do-eu-l-verifica-se-que-as-pecas-de-desinformacao-via-audio\/","title":{"rendered":"As mentiras do eu l \u201c[&#8230;] verifica-se que as pe\u00e7as de desinforma\u00e7\u00e3o via \u00e1udio [&#8230;"},"content":{"rendered":"<p>[ad_1]<br \/>\n<img data-recalc-dims=\"1\" decoding=\"async\" src=\"https:\/\/i0.wp.com\/pbs.twimg.com\/media\/Figw0JYWAAEEV80.jpg?w=696&#038;ssl=1\" \/><\/p>\n<p>As mentiras do eu l \u201c[&#8230;] verifica-se que as pe\u00e7as de desinforma\u00e7\u00e3o via \u00e1udio [de maior efic\u00e1cia][&#8230;] s\u00e3o coment\u00e1rios de supostas pessoas comuns, narrados em primeira pessoa e com tend\u00eancia a interpelar o interlocutor.\u201d #Desinforma\u00e7\u00e3o #Covid19 #Semi\u00f3tica <a href=\"https:\/\/revista.ibict.br\/liinc\/article\/view\/6062\" target=\"_blank\" rel=\"noopener\">revista.ibict.br\/liinc\/article\/\u2026<\/a> <a href=\"https:\/\/t.co\/rIpqhuEXNw\" target=\"_blank\" rel=\"noopener\">https:\/\/t.co\/rIpqhuEXNw<\/a><br \/>\n[ad_2]<br \/>\n<br \/>Acesse o item em: <a href=\"https:\/\/revista.ibict.br\/liinc\/article\/view\/6062\">https:\/\/revista.ibict.br\/liinc\/article\/view\/6062<\/a><\/p>\n","protected":false},"excerpt":{"rendered":"<p>[ad_1] As mentiras do eu l \u201c[&#8230;] verifica-se que as pe\u00e7as de desinforma\u00e7\u00e3o via \u00e1udio [de maior efic\u00e1cia][&#8230;] s\u00e3o coment\u00e1rios de supostas pessoas comuns, narrados em primeira pessoa e com tend\u00eancia a interpelar o interlocutor.\u201d #Desinforma\u00e7\u00e3o #Covid19 #Semi\u00f3tica revista.ibict.br\/liinc\/article\/\u2026 https:\/\/t.co\/rIpqhuEXNw [ad_2] Acesse o item em: https:\/\/revista.ibict.br\/liinc\/article\/view\/6062<\/p>\n","protected":false},"author":1,"featured_media":17780,"comment_status":"open","ping_status":"open","sticky":false,"template":"","format":"standard","meta":{"_jetpack_memberships_contains_paid_content":false,"footnotes":"","jetpack_publicize_message":"","jetpack_publicize_feature_enabled":true,"jetpack_social_post_already_shared":true,"jetpack_social_options":{"image_generator_settings":{"template":"highway","default_image_id":0,"font":"","enabled":false},"version":2}},"categories":[21],"tags":[618,142,1826],"class_list":["post-17779","post","type-post","status-publish","format-standard","has-post-thumbnail","hentry","category-informeci","tag-covid19","tag-desinformacao","tag-semiotica"],"jetpack_publicize_connections":[],"jetpack_featured_media_url":"https:\/\/i0.wp.com\/www.pedroandretta.info\/index\/wp-content\/uploads\/2022\/11\/Figw0JYWAAEEV80.jpg?fit=640%2C1059&ssl=1","views":"","jetpack_sharing_enabled":true,"_links":{"self":[{"href":"https:\/\/www.pedroandretta.info\/index\/wp-json\/wp\/v2\/posts\/17779","targetHints":{"allow":["GET"]}}],"collection":[{"href":"https:\/\/www.pedroandretta.info\/index\/wp-json\/wp\/v2\/posts"}],"about":[{"href":"https:\/\/www.pedroandretta.info\/index\/wp-json\/wp\/v2\/types\/post"}],"author":[{"embeddable":true,"href":"https:\/\/www.pedroandretta.info\/index\/wp-json\/wp\/v2\/users\/1"}],"replies":[{"embeddable":true,"href":"https:\/\/www.pedroandretta.info\/index\/wp-json\/wp\/v2\/comments?post=17779"}],"version-history":[{"count":0,"href":"https:\/\/www.pedroandretta.info\/index\/wp-json\/wp\/v2\/posts\/17779\/revisions"}],"wp:featuredmedia":[{"embeddable":true,"href":"https:\/\/www.pedroandretta.info\/index\/wp-json\/wp\/v2\/media\/17780"}],"wp:attachment":[{"href":"https:\/\/www.pedroandretta.info\/index\/wp-json\/wp\/v2\/media?parent=17779"}],"wp:term":[{"taxonomy":"category","embeddable":true,"href":"https:\/\/www.pedroandretta.info\/index\/wp-json\/wp\/v2\/categories?post=17779"},{"taxonomy":"post_tag","embeddable":true,"href":"https:\/\/www.pedroandretta.info\/index\/wp-json\/wp\/v2\/tags?post=17779"}],"curies":[{"name":"wp","href":"https:\/\/api.w.org\/{rel}","templated":true}]}}