{"id":17928,"date":"2022-11-29T16:27:37","date_gmt":"2022-11-29T20:27:37","guid":{"rendered":"https:\/\/www.pedroandretta.info\/index\/2022\/11\/29\/o-fascismo-em-dez-licoes-de-sinesio-ferraz-bueno-2022-l-e-book-da-editora-une\/"},"modified":"2022-11-29T16:27:37","modified_gmt":"2022-11-29T20:27:37","slug":"o-fascismo-em-dez-licoes-de-sinesio-ferraz-bueno-2022-l-e-book-da-editora-une","status":"publish","type":"post","link":"https:\/\/www.pedroandretta.info\/index\/2022\/11\/o-fascismo-em-dez-licoes-de-sinesio-ferraz-bueno-2022-l-e-book-da-editora-une\/","title":{"rendered":"O fascismo em dez li\u00e7\u00f5es, de Sin\u00e9sio Ferraz Bueno (2022) l E-book da Editora UNE&#8230;"},"content":{"rendered":"<p>[ad_1]<br \/>\n<img data-recalc-dims=\"1\" decoding=\"async\" src=\"https:\/\/i0.wp.com\/pbs.twimg.com\/media\/Fiwgd4jXgAMNAMx.png?w=696&#038;ssl=1\" \/><\/p>\n<p>O fascismo em dez li\u00e7\u00f5es, de Sin\u00e9sio Ferraz Bueno (2022) l E-book da Editora UNESP! Para baixar \u00e9 preciso fazer um breve cadastro! Vale a pena ver tamb\u00e9m o YouTube do Prof. Sin\u00e9sio Bueno! L\u00e1 tem os v\u00eddeos de cada li\u00e7\u00e3o!  #Fascismo <a href=\"https:\/\/editoraunesp.com.br\/catalogo\/9786557143049,o-fascismo-em-dez-licoes\" target=\"_blank\" rel=\"noopener\">editoraunesp.com.br\/catalogo\/97865\u2026<\/a> <a href=\"https:\/\/t.co\/e9b7jbgazX\" target=\"_blank\" rel=\"noopener\">https:\/\/t.co\/e9b7jbgazX<\/a><br \/>\n[ad_2]<br \/>\n<br \/>Acesse o item em: <a href=\"https:\/\/editoraunesp.com.br\/catalogo\/9786557143049,o-fascismo-em-dez-licoes\">https:\/\/editoraunesp.com.br\/catalogo\/9786557143049,o-fascismo-em-dez-licoes<\/a><\/p>\n","protected":false},"excerpt":{"rendered":"<p>[ad_1] O fascismo em dez li\u00e7\u00f5es, de Sin\u00e9sio Ferraz Bueno (2022) l E-book da Editora UNESP! Para baixar \u00e9 preciso fazer um breve cadastro! Vale a pena ver tamb\u00e9m o YouTube do Prof. Sin\u00e9sio Bueno! L\u00e1 tem os v\u00eddeos de cada li\u00e7\u00e3o! #Fascismo editoraunesp.com.br\/catalogo\/97865\u2026 https:\/\/t.co\/e9b7jbgazX [ad_2] Acesse o item em: https:\/\/editoraunesp.com.br\/catalogo\/9786557143049,o-fascismo-em-dez-licoes<\/p>\n","protected":false},"author":1,"featured_media":17929,"comment_status":"open","ping_status":"open","sticky":false,"template":"","format":"standard","meta":{"_jetpack_memberships_contains_paid_content":false,"footnotes":"","jetpack_publicize_message":"","jetpack_publicize_feature_enabled":true,"jetpack_social_post_already_shared":true,"jetpack_social_options":{"image_generator_settings":{"template":"highway","default_image_id":0,"font":"","enabled":false},"version":2}},"categories":[21],"tags":[1009],"class_list":["post-17928","post","type-post","status-publish","format-standard","has-post-thumbnail","hentry","category-informeci","tag-fascismo"],"jetpack_publicize_connections":[],"jetpack_featured_media_url":"https:\/\/i0.wp.com\/www.pedroandretta.info\/index\/wp-content\/uploads\/2022\/11\/Fiwgd4jXgAMNAMx.png?fit=306%2C537&ssl=1","views":"","jetpack_sharing_enabled":true,"_links":{"self":[{"href":"https:\/\/www.pedroandretta.info\/index\/wp-json\/wp\/v2\/posts\/17928","targetHints":{"allow":["GET"]}}],"collection":[{"href":"https:\/\/www.pedroandretta.info\/index\/wp-json\/wp\/v2\/posts"}],"about":[{"href":"https:\/\/www.pedroandretta.info\/index\/wp-json\/wp\/v2\/types\/post"}],"author":[{"embeddable":true,"href":"https:\/\/www.pedroandretta.info\/index\/wp-json\/wp\/v2\/users\/1"}],"replies":[{"embeddable":true,"href":"https:\/\/www.pedroandretta.info\/index\/wp-json\/wp\/v2\/comments?post=17928"}],"version-history":[{"count":0,"href":"https:\/\/www.pedroandretta.info\/index\/wp-json\/wp\/v2\/posts\/17928\/revisions"}],"wp:featuredmedia":[{"embeddable":true,"href":"https:\/\/www.pedroandretta.info\/index\/wp-json\/wp\/v2\/media\/17929"}],"wp:attachment":[{"href":"https:\/\/www.pedroandretta.info\/index\/wp-json\/wp\/v2\/media?parent=17928"}],"wp:term":[{"taxonomy":"category","embeddable":true,"href":"https:\/\/www.pedroandretta.info\/index\/wp-json\/wp\/v2\/categories?post=17928"},{"taxonomy":"post_tag","embeddable":true,"href":"https:\/\/www.pedroandretta.info\/index\/wp-json\/wp\/v2\/tags?post=17928"}],"curies":[{"name":"wp","href":"https:\/\/api.w.org\/{rel}","templated":true}]}}