{"id":18048,"date":"2022-12-10T16:11:44","date_gmt":"2022-12-10T20:11:44","guid":{"rendered":"https:\/\/www.pedroandretta.info\/index\/2022\/12\/10\/bibliotecas-e-suas-belas-arvores-de-natal-l-por-tradicao-no-dia-8-de-dezembro\/"},"modified":"2022-12-10T16:11:44","modified_gmt":"2022-12-10T20:11:44","slug":"bibliotecas-e-suas-belas-arvores-de-natal-l-por-tradicao-no-dia-8-de-dezembro","status":"publish","type":"post","link":"https:\/\/www.pedroandretta.info\/index\/2022\/12\/bibliotecas-e-suas-belas-arvores-de-natal-l-por-tradicao-no-dia-8-de-dezembro\/","title":{"rendered":"Bibliotecas e suas belas \u00e1rvores de Natal l &#8220;Por tradi\u00e7\u00e3o, no dia 8 de dezembro &#8230;"},"content":{"rendered":"<p>[ad_1]<br \/>\n<img data-recalc-dims=\"1\" decoding=\"async\" src=\"https:\/\/i0.wp.com\/pbs.twimg.com\/media\/FjpHPpAWYAI70yq.png?w=696&#038;ssl=1\" \/><\/p>\n<p>Bibliotecas e suas belas \u00e1rvores de Natal l &#8220;Por tradi\u00e7\u00e3o, no dia 8 de dezembro s\u00e3o montadas \u00e1rvores de Natal em resid\u00eancias, cidades, estabelecimentos e locais de trabalho.&#8221;&#8230; e nas Bibliotecas. #Natal \ud83c\uddea\ud83c\uddf8 via @sbibliotecario <a href=\"https:\/\/soybibliotecario.blogspot.com\/2022\/12\/las-bibliotecas-y-sus-hermosos-arboles.html\" target=\"_blank\" rel=\"noopener\">soybibliotecario.blogspot.com\/2022\/12\/las-bi\u2026<\/a> <a href=\"https:\/\/t.co\/SC8lDTn0Ec\" target=\"_blank\" rel=\"noopener\">https:\/\/t.co\/SC8lDTn0Ec<\/a><br \/>\n[ad_2]<br \/>\n<br \/>Acesse o item em: <a href=\"https:\/\/soybibliotecario.blogspot.com\/2022\/12\/las-bibliotecas-y-sus-hermosos-arboles.html\">https:\/\/soybibliotecario.blogspot.com\/2022\/12\/las-bibliotecas-y-sus-hermosos-arboles.html<\/a><\/p>\n","protected":false},"excerpt":{"rendered":"<p>[ad_1] Bibliotecas e suas belas \u00e1rvores de Natal l &#8220;Por tradi\u00e7\u00e3o, no dia 8 de dezembro s\u00e3o montadas \u00e1rvores de Natal em resid\u00eancias, cidades, estabelecimentos e locais de trabalho.&#8221;&#8230; e nas Bibliotecas. #Natal \ud83c\uddea\ud83c\uddf8 via @sbibliotecario soybibliotecario.blogspot.com\/2022\/12\/las-bi\u2026 https:\/\/t.co\/SC8lDTn0Ec [ad_2] Acesse o item em: https:\/\/soybibliotecario.blogspot.com\/2022\/12\/las-bibliotecas-y-sus-hermosos-arboles.html<\/p>\n","protected":false},"author":1,"featured_media":18049,"comment_status":"open","ping_status":"open","sticky":false,"template":"","format":"standard","meta":{"_jetpack_memberships_contains_paid_content":false,"footnotes":"","jetpack_publicize_message":"","jetpack_publicize_feature_enabled":true,"jetpack_social_post_already_shared":true,"jetpack_social_options":{"image_generator_settings":{"template":"highway","default_image_id":0,"font":"","enabled":false},"version":2}},"categories":[21],"tags":[48],"class_list":["post-18048","post","type-post","status-publish","format-standard","has-post-thumbnail","hentry","category-informeci","tag-natal"],"jetpack_publicize_connections":[],"jetpack_featured_media_url":"https:\/\/i0.wp.com\/www.pedroandretta.info\/index\/wp-content\/uploads\/2022\/12\/FjpHPpAWYAI70yq.png?fit=599%2C666&ssl=1","views":"","jetpack_sharing_enabled":true,"_links":{"self":[{"href":"https:\/\/www.pedroandretta.info\/index\/wp-json\/wp\/v2\/posts\/18048","targetHints":{"allow":["GET"]}}],"collection":[{"href":"https:\/\/www.pedroandretta.info\/index\/wp-json\/wp\/v2\/posts"}],"about":[{"href":"https:\/\/www.pedroandretta.info\/index\/wp-json\/wp\/v2\/types\/post"}],"author":[{"embeddable":true,"href":"https:\/\/www.pedroandretta.info\/index\/wp-json\/wp\/v2\/users\/1"}],"replies":[{"embeddable":true,"href":"https:\/\/www.pedroandretta.info\/index\/wp-json\/wp\/v2\/comments?post=18048"}],"version-history":[{"count":0,"href":"https:\/\/www.pedroandretta.info\/index\/wp-json\/wp\/v2\/posts\/18048\/revisions"}],"wp:featuredmedia":[{"embeddable":true,"href":"https:\/\/www.pedroandretta.info\/index\/wp-json\/wp\/v2\/media\/18049"}],"wp:attachment":[{"href":"https:\/\/www.pedroandretta.info\/index\/wp-json\/wp\/v2\/media?parent=18048"}],"wp:term":[{"taxonomy":"category","embeddable":true,"href":"https:\/\/www.pedroandretta.info\/index\/wp-json\/wp\/v2\/categories?post=18048"},{"taxonomy":"post_tag","embeddable":true,"href":"https:\/\/www.pedroandretta.info\/index\/wp-json\/wp\/v2\/tags?post=18048"}],"curies":[{"name":"wp","href":"https:\/\/api.w.org\/{rel}","templated":true}]}}