{"id":18050,"date":"2022-12-10T16:09:29","date_gmt":"2022-12-10T20:09:29","guid":{"rendered":"https:\/\/www.pedroandretta.info\/index\/2022\/12\/10\/a-colecao-africana-do-museu-nacional-de-belas-artes-do-rio-de-janeiro-l-acesse-t\/"},"modified":"2022-12-10T16:09:29","modified_gmt":"2022-12-10T20:09:29","slug":"a-colecao-africana-do-museu-nacional-de-belas-artes-do-rio-de-janeiro-l-acesse-t","status":"publish","type":"post","link":"https:\/\/www.pedroandretta.info\/index\/2022\/12\/a-colecao-africana-do-museu-nacional-de-belas-artes-do-rio-de-janeiro-l-acesse-t\/","title":{"rendered":"A cole\u00e7\u00e3o africana do Museu Nacional de Belas Artes do Rio de Janeiro l Acesse t&#8230;"},"content":{"rendered":"<p>[ad_1]<\/p>\n<p>A cole\u00e7\u00e3o africana do Museu Nacional de Belas Artes do Rio de Janeiro l Acesse tamb\u00e9m ao v\u00eddeo da historiadora Gabrielle Nascimento no Acervo Cultne, do  Museu Nacional de Belas Artes do Rio de Janeiro. #Museus #CulturasAfricanas  via Geledes\/BC da UFRGS <a href=\"https:\/\/www.ufrgs.br\/bibliotecacentral\/a-colecao-africana-do-museu-nacional-de-belas-artes-do-rio-de-janeiro\/\" target=\"_blank\" rel=\"noopener\">ufrgs.br\/bibliotecacent\u2026<\/a><br \/>\n[ad_2]<br \/>\n<br \/>Acesse o item em: <a href=\"https:\/\/www.ufrgs.br\/bibliotecacentral\/a-colecao-africana-do-museu-nacional-de-belas-artes-do-rio-de-janeiro\/\">https:\/\/www.ufrgs.br\/bibliotecacentral\/a-colecao-africana-do-museu-nacional-de-belas-artes-do-rio-de-janeiro\/<\/a><\/p>\n","protected":false},"excerpt":{"rendered":"<p>[ad_1] A cole\u00e7\u00e3o africana do Museu Nacional de Belas Artes do Rio de Janeiro l Acesse tamb\u00e9m ao v\u00eddeo da historiadora Gabrielle Nascimento no Acervo Cultne, do Museu Nacional de Belas Artes do Rio de Janeiro. #Museus #CulturasAfricanas via Geledes\/BC da UFRGS ufrgs.br\/bibliotecacent\u2026 [ad_2] Acesse o item em: https:\/\/www.ufrgs.br\/bibliotecacentral\/a-colecao-africana-do-museu-nacional-de-belas-artes-do-rio-de-janeiro\/<\/p>\n","protected":false},"author":1,"featured_media":0,"comment_status":"open","ping_status":"open","sticky":false,"template":"","format":"standard","meta":{"_jetpack_memberships_contains_paid_content":false,"footnotes":"","jetpack_publicize_message":"","jetpack_publicize_feature_enabled":true,"jetpack_social_post_already_shared":true,"jetpack_social_options":{"image_generator_settings":{"template":"highway","default_image_id":0,"font":"","enabled":false},"version":2}},"categories":[21],"tags":[861,34],"class_list":["post-18050","post","type-post","status-publish","format-standard","hentry","category-informeci","tag-culturasafricanas","tag-museus"],"jetpack_publicize_connections":[],"jetpack_featured_media_url":"","views":"","jetpack_sharing_enabled":true,"_links":{"self":[{"href":"https:\/\/www.pedroandretta.info\/index\/wp-json\/wp\/v2\/posts\/18050","targetHints":{"allow":["GET"]}}],"collection":[{"href":"https:\/\/www.pedroandretta.info\/index\/wp-json\/wp\/v2\/posts"}],"about":[{"href":"https:\/\/www.pedroandretta.info\/index\/wp-json\/wp\/v2\/types\/post"}],"author":[{"embeddable":true,"href":"https:\/\/www.pedroandretta.info\/index\/wp-json\/wp\/v2\/users\/1"}],"replies":[{"embeddable":true,"href":"https:\/\/www.pedroandretta.info\/index\/wp-json\/wp\/v2\/comments?post=18050"}],"version-history":[{"count":0,"href":"https:\/\/www.pedroandretta.info\/index\/wp-json\/wp\/v2\/posts\/18050\/revisions"}],"wp:attachment":[{"href":"https:\/\/www.pedroandretta.info\/index\/wp-json\/wp\/v2\/media?parent=18050"}],"wp:term":[{"taxonomy":"category","embeddable":true,"href":"https:\/\/www.pedroandretta.info\/index\/wp-json\/wp\/v2\/categories?post=18050"},{"taxonomy":"post_tag","embeddable":true,"href":"https:\/\/www.pedroandretta.info\/index\/wp-json\/wp\/v2\/tags?post=18050"}],"curies":[{"name":"wp","href":"https:\/\/api.w.org\/{rel}","templated":true}]}}