{"id":18083,"date":"2022-12-14T14:00:58","date_gmt":"2022-12-14T18:00:58","guid":{"rendered":"https:\/\/www.pedroandretta.info\/index\/2022\/12\/14\/jair-messias-bolsonaro-tirou-o-mec-da-tomada-e-plugou-na-tomada-da-guerra-cultu\/"},"modified":"2022-12-14T14:00:58","modified_gmt":"2022-12-14T18:00:58","slug":"jair-messias-bolsonaro-tirou-o-mec-da-tomada-e-plugou-na-tomada-da-guerra-cultu","status":"publish","type":"post","link":"https:\/\/www.pedroandretta.info\/index\/2022\/12\/jair-messias-bolsonaro-tirou-o-mec-da-tomada-e-plugou-na-tomada-da-guerra-cultu\/","title":{"rendered":"\u201cJair Messias Bolsonaro tirou o MEC da tomada e plugou na tomada da guerra cultu&#8230;"},"content":{"rendered":"<p>[ad_1]<\/p>\n<p>\u201cJair Messias Bolsonaro tirou o MEC da tomada e plugou na tomada da guerra cultural bolsonarista\u201d l  #Entrevista com Daniel Cara, Coordenador geral da Campanha Nacional pelo Direito \u00e0 Educa\u00e7\u00e3o. #Educa\u00e7\u00e3o #GovernoBolsonaro via IHU <a href=\"https:\/\/www.ihu.unisinos.br\/624806-jair-messias-bolsonaro-tirou-o-mec-da-tomada-e-plugou-na-tomada-da-guerra-cultural-bolsonarista-entrevista-especial-com-daniel-cara\" target=\"_blank\" rel=\"noopener\">ihu.unisinos.br\/624806-jair-me\u2026<\/a><br \/>\n[ad_2]<br \/>\n<br \/>Acesse o item em: <a href=\"https:\/\/www.ihu.unisinos.br\/624806-jair-messias-bolsonaro-tirou-o-mec-da-tomada-e-plugou-na-tomada-da-guerra-cultural-bolsonarista-entrevista-especial-com-daniel-cara\">https:\/\/www.ihu.unisinos.br\/624806-jair-messias-bolsonaro-tirou-o-mec-da-tomada-e-plugou-na-tomada-da-guerra-cultural-bolsonarista-entrevista-especial-com-daniel-cara<\/a><\/p>\n","protected":false},"excerpt":{"rendered":"<p>[ad_1] \u201cJair Messias Bolsonaro tirou o MEC da tomada e plugou na tomada da guerra cultural bolsonarista\u201d l #Entrevista com Daniel Cara, Coordenador geral da Campanha Nacional pelo Direito \u00e0 Educa\u00e7\u00e3o. #Educa\u00e7\u00e3o #GovernoBolsonaro via IHU ihu.unisinos.br\/624806-jair-me\u2026 [ad_2] Acesse o item em: https:\/\/www.ihu.unisinos.br\/624806-jair-messias-bolsonaro-tirou-o-mec-da-tomada-e-plugou-na-tomada-da-guerra-cultural-bolsonarista-entrevista-especial-com-daniel-cara<\/p>\n","protected":false},"author":1,"featured_media":0,"comment_status":"open","ping_status":"open","sticky":false,"template":"","format":"standard","meta":{"_jetpack_memberships_contains_paid_content":false,"footnotes":"","jetpack_publicize_message":"","jetpack_publicize_feature_enabled":true,"jetpack_social_post_already_shared":true,"jetpack_social_options":{"image_generator_settings":{"template":"highway","default_image_id":0,"font":"","enabled":false},"version":2}},"categories":[21],"tags":[45,601,2267],"class_list":["post-18083","post","type-post","status-publish","format-standard","hentry","category-informeci","tag-educacao","tag-entrevista","tag-governobolsonaro"],"jetpack_publicize_connections":[],"jetpack_featured_media_url":"","views":"","jetpack_sharing_enabled":true,"_links":{"self":[{"href":"https:\/\/www.pedroandretta.info\/index\/wp-json\/wp\/v2\/posts\/18083","targetHints":{"allow":["GET"]}}],"collection":[{"href":"https:\/\/www.pedroandretta.info\/index\/wp-json\/wp\/v2\/posts"}],"about":[{"href":"https:\/\/www.pedroandretta.info\/index\/wp-json\/wp\/v2\/types\/post"}],"author":[{"embeddable":true,"href":"https:\/\/www.pedroandretta.info\/index\/wp-json\/wp\/v2\/users\/1"}],"replies":[{"embeddable":true,"href":"https:\/\/www.pedroandretta.info\/index\/wp-json\/wp\/v2\/comments?post=18083"}],"version-history":[{"count":0,"href":"https:\/\/www.pedroandretta.info\/index\/wp-json\/wp\/v2\/posts\/18083\/revisions"}],"wp:attachment":[{"href":"https:\/\/www.pedroandretta.info\/index\/wp-json\/wp\/v2\/media?parent=18083"}],"wp:term":[{"taxonomy":"category","embeddable":true,"href":"https:\/\/www.pedroandretta.info\/index\/wp-json\/wp\/v2\/categories?post=18083"},{"taxonomy":"post_tag","embeddable":true,"href":"https:\/\/www.pedroandretta.info\/index\/wp-json\/wp\/v2\/tags?post=18083"}],"curies":[{"name":"wp","href":"https:\/\/api.w.org\/{rel}","templated":true}]}}