{"id":18363,"date":"2023-01-02T14:01:30","date_gmt":"2023-01-02T18:01:30","guid":{"rendered":"https:\/\/www.pedroandretta.info\/index\/2023\/01\/02\/saiba-quais-foram-os-atos-assinados-por-lula-no-primeiro-dia-do-novo-governo-l\/"},"modified":"2023-01-02T14:01:30","modified_gmt":"2023-01-02T18:01:30","slug":"saiba-quais-foram-os-atos-assinados-por-lula-no-primeiro-dia-do-novo-governo-l","status":"publish","type":"post","link":"https:\/\/www.pedroandretta.info\/index\/2023\/01\/saiba-quais-foram-os-atos-assinados-por-lula-no-primeiro-dia-do-novo-governo-l\/","title":{"rendered":"Saiba quais foram os atos assinados por Lula no primeiro dia do novo governo  l &#8230;"},"content":{"rendered":"<p>[ad_1]<br \/>\n<img data-recalc-dims=\"1\" decoding=\"async\" src=\"https:\/\/i0.wp.com\/s2.glbimg.com\/-VRlt7ChHoE8xM30lkfbNwOg6hE%3D\/1200x\/smart\/filters%3Acover%28%29%3Astrip_icc%28%29\/s02.video.glbimg.com\/x720\/11246373.jpg?w=696&#038;ssl=1\"\/><\/p>\n<p>Saiba quais foram os atos assinados por Lula no primeiro dia do novo governo  l &#8220;Presidente da Rep\u00fablica editou s\u00e9rie de medidas logo ap\u00f3s assumir o cargo, na mesma cerim\u00f4nia em que deu posse a ministros.&#8221; #GovernoLula via G1 <a href=\"https:\/\/g1.globo.com\/politica\/noticia\/2023\/01\/01\/veja-os-atos-assinados-por-lula-no-primeiro-dia-do-novo-governo.ghtml\" target=\"_blank\" rel=\"noopener\">g1.globo.com\/politica\/notic\u2026<\/a><br \/>\n[ad_2]<br \/>\n<br \/>Acesse o item em: <a href=\"https:\/\/g1.globo.com\/politica\/noticia\/2023\/01\/01\/veja-os-atos-assinados-por-lula-no-primeiro-dia-do-novo-governo.ghtml\">https:\/\/g1.globo.com\/politica\/noticia\/2023\/01\/01\/veja-os-atos-assinados-por-lula-no-primeiro-dia-do-novo-governo.ghtml<\/a><\/p>\n","protected":false},"excerpt":{"rendered":"<p>[ad_1] Saiba quais foram os atos assinados por Lula no primeiro dia do novo governo l &#8220;Presidente da Rep\u00fablica editou s\u00e9rie de medidas logo ap\u00f3s assumir o cargo, na mesma cerim\u00f4nia em que deu posse a ministros.&#8221; #GovernoLula via G1 g1.globo.com\/politica\/notic\u2026 [ad_2] Acesse o item em: https:\/\/g1.globo.com\/politica\/noticia\/2023\/01\/01\/veja-os-atos-assinados-por-lula-no-primeiro-dia-do-novo-governo.ghtml<\/p>\n","protected":false},"author":1,"featured_media":18364,"comment_status":"open","ping_status":"open","sticky":false,"template":"","format":"standard","meta":{"_jetpack_memberships_contains_paid_content":false,"footnotes":"","jetpack_publicize_message":"","jetpack_publicize_feature_enabled":true,"jetpack_social_post_already_shared":true,"jetpack_social_options":{"image_generator_settings":{"template":"highway","default_image_id":0,"font":"","enabled":false},"version":2}},"categories":[21],"tags":[3322],"class_list":["post-18363","post","type-post","status-publish","format-standard","has-post-thumbnail","hentry","category-informeci","tag-governolula"],"jetpack_publicize_connections":[],"jetpack_featured_media_url":"https:\/\/i0.wp.com\/www.pedroandretta.info\/index\/wp-content\/uploads\/2023\/01\/11246373.jpg?fit=1200%2C675&ssl=1","views":"","jetpack_sharing_enabled":true,"_links":{"self":[{"href":"https:\/\/www.pedroandretta.info\/index\/wp-json\/wp\/v2\/posts\/18363","targetHints":{"allow":["GET"]}}],"collection":[{"href":"https:\/\/www.pedroandretta.info\/index\/wp-json\/wp\/v2\/posts"}],"about":[{"href":"https:\/\/www.pedroandretta.info\/index\/wp-json\/wp\/v2\/types\/post"}],"author":[{"embeddable":true,"href":"https:\/\/www.pedroandretta.info\/index\/wp-json\/wp\/v2\/users\/1"}],"replies":[{"embeddable":true,"href":"https:\/\/www.pedroandretta.info\/index\/wp-json\/wp\/v2\/comments?post=18363"}],"version-history":[{"count":0,"href":"https:\/\/www.pedroandretta.info\/index\/wp-json\/wp\/v2\/posts\/18363\/revisions"}],"wp:featuredmedia":[{"embeddable":true,"href":"https:\/\/www.pedroandretta.info\/index\/wp-json\/wp\/v2\/media\/18364"}],"wp:attachment":[{"href":"https:\/\/www.pedroandretta.info\/index\/wp-json\/wp\/v2\/media?parent=18363"}],"wp:term":[{"taxonomy":"category","embeddable":true,"href":"https:\/\/www.pedroandretta.info\/index\/wp-json\/wp\/v2\/categories?post=18363"},{"taxonomy":"post_tag","embeddable":true,"href":"https:\/\/www.pedroandretta.info\/index\/wp-json\/wp\/v2\/tags?post=18363"}],"curies":[{"name":"wp","href":"https:\/\/api.w.org\/{rel}","templated":true}]}}