{"id":18458,"date":"2023-01-11T17:27:07","date_gmt":"2023-01-11T21:27:07","guid":{"rendered":"https:\/\/www.pedroandretta.info\/index\/2023\/01\/11\/mais-de-80-entidades-subscrevem-nota-da-sbpc-l-apelamos-a-todos-para-que-se\/"},"modified":"2023-01-11T17:27:07","modified_gmt":"2023-01-11T21:27:07","slug":"mais-de-80-entidades-subscrevem-nota-da-sbpc-l-apelamos-a-todos-para-que-se","status":"publish","type":"post","link":"https:\/\/www.pedroandretta.info\/index\/2023\/01\/mais-de-80-entidades-subscrevem-nota-da-sbpc-l-apelamos-a-todos-para-que-se\/","title":{"rendered":"Mais de 80 entidades subscrevem nota da SBPC&#8230; l &#8220;Apelamos a todos para que se &#8230;"},"content":{"rendered":"<p>[ad_1]<br \/>\n<img data-recalc-dims=\"1\" decoding=\"async\" src=\"https:\/\/i0.wp.com\/pbs.twimg.com\/media\/FmOLNUFX0Ac_OWo.png?w=696&#038;ssl=1\" \/><\/p>\n<p>Mais de 80 entidades subscrevem nota da SBPC&#8230; l &#8220;Apelamos a todos para que se manifestem em defesa da democracia, nas ruas se poss\u00edvel, sem aceitar qualquer provoca\u00e7\u00e3o dos inimigos do Estado de Direito.&#8221; #Democracia via Jornal da Ci\u00eancia <a href=\"http:\/\/www.jornaldaciencia.org.br\/mais-de-80-entidades-subscrevem-nota-da-sbpc-que-repudia-crimes-contra-a-democracia\/\" target=\"_blank\" rel=\"noopener\">jornaldaciencia.org.br\/mais-de-80-ent\u2026<\/a> <a href=\"https:\/\/t.co\/odwih1exd2\" target=\"_blank\" rel=\"noopener\">https:\/\/t.co\/odwih1exd2<\/a><br \/>\n[ad_2]<br \/>\n<br \/>Acesse o item em: <a href=\"http:\/\/www.jornaldaciencia.org.br\/mais-de-80-entidades-subscrevem-nota-da-sbpc-que-repudia-crimes-contra-a-democracia\/\">http:\/\/www.jornaldaciencia.org.br\/mais-de-80-entidades-subscrevem-nota-da-sbpc-que-repudia-crimes-contra-a-democracia\/<\/a><\/p>\n","protected":false},"excerpt":{"rendered":"<p>[ad_1] Mais de 80 entidades subscrevem nota da SBPC&#8230; l &#8220;Apelamos a todos para que se manifestem em defesa da democracia, nas ruas se poss\u00edvel, sem aceitar qualquer provoca\u00e7\u00e3o dos inimigos do Estado de Direito.&#8221; #Democracia via Jornal da Ci\u00eancia jornaldaciencia.org.br\/mais-de-80-ent\u2026 https:\/\/t.co\/odwih1exd2 [ad_2] Acesse o item em: http:\/\/www.jornaldaciencia.org.br\/mais-de-80-entidades-subscrevem-nota-da-sbpc-que-repudia-crimes-contra-a-democracia\/<\/p>\n","protected":false},"author":1,"featured_media":18459,"comment_status":"open","ping_status":"open","sticky":false,"template":"","format":"standard","meta":{"_jetpack_memberships_contains_paid_content":false,"footnotes":"","jetpack_publicize_message":"","jetpack_publicize_feature_enabled":true,"jetpack_social_post_already_shared":true,"jetpack_social_options":{"image_generator_settings":{"template":"highway","default_image_id":0,"font":"","enabled":false},"version":2}},"categories":[21],"tags":[303],"class_list":["post-18458","post","type-post","status-publish","format-standard","has-post-thumbnail","hentry","category-informeci","tag-democracia"],"jetpack_publicize_connections":[],"jetpack_featured_media_url":"https:\/\/i0.wp.com\/www.pedroandretta.info\/index\/wp-content\/uploads\/2023\/01\/FmOLNUFX0Ac_OWo.png?fit=477%2C708&ssl=1","views":"","jetpack_sharing_enabled":true,"_links":{"self":[{"href":"https:\/\/www.pedroandretta.info\/index\/wp-json\/wp\/v2\/posts\/18458","targetHints":{"allow":["GET"]}}],"collection":[{"href":"https:\/\/www.pedroandretta.info\/index\/wp-json\/wp\/v2\/posts"}],"about":[{"href":"https:\/\/www.pedroandretta.info\/index\/wp-json\/wp\/v2\/types\/post"}],"author":[{"embeddable":true,"href":"https:\/\/www.pedroandretta.info\/index\/wp-json\/wp\/v2\/users\/1"}],"replies":[{"embeddable":true,"href":"https:\/\/www.pedroandretta.info\/index\/wp-json\/wp\/v2\/comments?post=18458"}],"version-history":[{"count":0,"href":"https:\/\/www.pedroandretta.info\/index\/wp-json\/wp\/v2\/posts\/18458\/revisions"}],"wp:featuredmedia":[{"embeddable":true,"href":"https:\/\/www.pedroandretta.info\/index\/wp-json\/wp\/v2\/media\/18459"}],"wp:attachment":[{"href":"https:\/\/www.pedroandretta.info\/index\/wp-json\/wp\/v2\/media?parent=18458"}],"wp:term":[{"taxonomy":"category","embeddable":true,"href":"https:\/\/www.pedroandretta.info\/index\/wp-json\/wp\/v2\/categories?post=18458"},{"taxonomy":"post_tag","embeddable":true,"href":"https:\/\/www.pedroandretta.info\/index\/wp-json\/wp\/v2\/tags?post=18458"}],"curies":[{"name":"wp","href":"https:\/\/api.w.org\/{rel}","templated":true}]}}