{"id":18527,"date":"2023-01-17T16:38:40","date_gmt":"2023-01-17T20:38:40","guid":{"rendered":"https:\/\/www.pedroandretta.info\/index\/2023\/01\/17\/bibliotecario-e-a-mediacao-da-informacao-servicos-de-referencia-do-presencial-a\/"},"modified":"2023-01-17T16:38:40","modified_gmt":"2023-01-17T20:38:40","slug":"bibliotecario-e-a-mediacao-da-informacao-servicos-de-referencia-do-presencial-a","status":"publish","type":"post","link":"https:\/\/www.pedroandretta.info\/index\/2023\/01\/bibliotecario-e-a-mediacao-da-informacao-servicos-de-referencia-do-presencial-a\/","title":{"rendered":"Bibliotec\u00e1rio e a media\u00e7\u00e3o da informa\u00e7\u00e3o: servi\u00e7os de refer\u00eancia do presencial a&#8230;"},"content":{"rendered":"<p>[ad_1]<br \/>\n<img data-recalc-dims=\"1\" decoding=\"async\" src=\"https:\/\/i0.wp.com\/pbs.twimg.com\/media\/Fms5cjpWYBgTaOy.png?w=696&#038;ssl=1\" \/><\/p>\n<p>Bibliotec\u00e1rio e a media\u00e7\u00e3o da informa\u00e7\u00e3o: servi\u00e7os de refer\u00eancia do presencial ao virtual l &#8220;A proposta deste trabalho \u00e9 abordar e demostrar algumas maneiras de atua\u00e7\u00e3o do bibliotec\u00e1rio de refer\u00eancia&#8221; #Servi\u00e7oDeRefer\u00eancia #Media\u00e7\u00e3oDaInforma\u00e7\u00e3o  <a href=\"https:\/\/repositorio.ufmg.br\/handle\/1843\/41582\" target=\"_blank\" rel=\"noopener\">repositorio.ufmg.br\/handle\/1843\/41\u2026<\/a> <a href=\"https:\/\/t.co\/o1YdnqrwKZ\" target=\"_blank\" rel=\"noopener\">https:\/\/t.co\/o1YdnqrwKZ<\/a><br \/>\n[ad_2]<br \/>\n<br \/>Acesse o item em: <a href=\"https:\/\/repositorio.ufmg.br\/handle\/1843\/41582\">https:\/\/repositorio.ufmg.br\/handle\/1843\/41582<\/a><\/p>\n","protected":false},"excerpt":{"rendered":"<p>[ad_1] Bibliotec\u00e1rio e a media\u00e7\u00e3o da informa\u00e7\u00e3o: servi\u00e7os de refer\u00eancia do presencial ao virtual l &#8220;A proposta deste trabalho \u00e9 abordar e demostrar algumas maneiras de atua\u00e7\u00e3o do bibliotec\u00e1rio de refer\u00eancia&#8221; #Servi\u00e7oDeRefer\u00eancia #Media\u00e7\u00e3oDaInforma\u00e7\u00e3o repositorio.ufmg.br\/handle\/1843\/41\u2026 https:\/\/t.co\/o1YdnqrwKZ [ad_2] Acesse o item em: https:\/\/repositorio.ufmg.br\/handle\/1843\/41582<\/p>\n","protected":false},"author":1,"featured_media":18528,"comment_status":"open","ping_status":"open","sticky":false,"template":"","format":"standard","meta":{"_jetpack_memberships_contains_paid_content":false,"footnotes":"","jetpack_publicize_message":"","jetpack_publicize_feature_enabled":true,"jetpack_social_post_already_shared":true,"jetpack_social_options":{"image_generator_settings":{"template":"highway","default_image_id":0,"font":"","enabled":false},"version":2}},"categories":[21],"tags":[509,653],"class_list":["post-18527","post","type-post","status-publish","format-standard","has-post-thumbnail","hentry","category-informeci","tag-mediacaodainformacao","tag-servicosdereferencia"],"jetpack_publicize_connections":[],"jetpack_featured_media_url":"https:\/\/i0.wp.com\/www.pedroandretta.info\/index\/wp-content\/uploads\/2023\/01\/Fms5cjpWYBgTaOy.png?fit=492%2C718&ssl=1","views":"","jetpack_sharing_enabled":true,"_links":{"self":[{"href":"https:\/\/www.pedroandretta.info\/index\/wp-json\/wp\/v2\/posts\/18527","targetHints":{"allow":["GET"]}}],"collection":[{"href":"https:\/\/www.pedroandretta.info\/index\/wp-json\/wp\/v2\/posts"}],"about":[{"href":"https:\/\/www.pedroandretta.info\/index\/wp-json\/wp\/v2\/types\/post"}],"author":[{"embeddable":true,"href":"https:\/\/www.pedroandretta.info\/index\/wp-json\/wp\/v2\/users\/1"}],"replies":[{"embeddable":true,"href":"https:\/\/www.pedroandretta.info\/index\/wp-json\/wp\/v2\/comments?post=18527"}],"version-history":[{"count":0,"href":"https:\/\/www.pedroandretta.info\/index\/wp-json\/wp\/v2\/posts\/18527\/revisions"}],"wp:featuredmedia":[{"embeddable":true,"href":"https:\/\/www.pedroandretta.info\/index\/wp-json\/wp\/v2\/media\/18528"}],"wp:attachment":[{"href":"https:\/\/www.pedroandretta.info\/index\/wp-json\/wp\/v2\/media?parent=18527"}],"wp:term":[{"taxonomy":"category","embeddable":true,"href":"https:\/\/www.pedroandretta.info\/index\/wp-json\/wp\/v2\/categories?post=18527"},{"taxonomy":"post_tag","embeddable":true,"href":"https:\/\/www.pedroandretta.info\/index\/wp-json\/wp\/v2\/tags?post=18527"}],"curies":[{"name":"wp","href":"https:\/\/api.w.org\/{rel}","templated":true}]}}