{"id":18607,"date":"2023-01-25T14:46:33","date_gmt":"2023-01-25T18:46:33","guid":{"rendered":"https:\/\/www.pedroandretta.info\/index\/2023\/01\/25\/jornalismo-como-estrutura-publica-de-comunicacao-lestamos-vivendo-num-ambiente\/"},"modified":"2023-01-25T14:46:33","modified_gmt":"2023-01-25T18:46:33","slug":"jornalismo-como-estrutura-publica-de-comunicacao-lestamos-vivendo-num-ambiente","status":"publish","type":"post","link":"https:\/\/www.pedroandretta.info\/index\/2023\/01\/jornalismo-como-estrutura-publica-de-comunicacao-lestamos-vivendo-num-ambiente\/","title":{"rendered":"Jornalismo como estrutura p\u00fablica de comunica\u00e7\u00e3o l\u201cEstamos vivendo num ambiente &#8230;"},"content":{"rendered":"<p>[ad_1]<\/p>\n<p>Jornalismo como estrutura p\u00fablica de comunica\u00e7\u00e3o l\u201cEstamos vivendo num ambiente movido a not\u00edcias. At\u00e9 mesmo as conversas pessoais entre usu\u00e1rios de redes sociais s\u00e3o alimentadas por not\u00edcias, colhidas ou n\u00e3o em \u00f3rg\u00e3os da imprensa  [\u2026]\u201d #Jornalismo via OI <a href=\"https:\/\/www.observatoriodaimprensa.com.br\/jornalismo\/jornalismo-como-estrutura-publica-de-comunicacao\/\" target=\"_blank\" rel=\"noopener\">observatoriodaimprensa.com.br\/jornalismo\/jor\u2026<\/a><br \/>\n[ad_2]<br \/>\n<br \/>Acesse o item em: <a href=\"https:\/\/www.observatoriodaimprensa.com.br\/jornalismo\/jornalismo-como-estrutura-publica-de-comunicacao\/\">https:\/\/www.observatoriodaimprensa.com.br\/jornalismo\/jornalismo-como-estrutura-publica-de-comunicacao\/<\/a><\/p>\n","protected":false},"excerpt":{"rendered":"<p>[ad_1] Jornalismo como estrutura p\u00fablica de comunica\u00e7\u00e3o l\u201cEstamos vivendo num ambiente movido a not\u00edcias. At\u00e9 mesmo as conversas pessoais entre usu\u00e1rios de redes sociais s\u00e3o alimentadas por not\u00edcias, colhidas ou n\u00e3o em \u00f3rg\u00e3os da imprensa [\u2026]\u201d #Jornalismo via OI observatoriodaimprensa.com.br\/jornalismo\/jor\u2026 [ad_2] Acesse o item em: https:\/\/www.observatoriodaimprensa.com.br\/jornalismo\/jornalismo-como-estrutura-publica-de-comunicacao\/<\/p>\n","protected":false},"author":1,"featured_media":0,"comment_status":"open","ping_status":"open","sticky":false,"template":"","format":"standard","meta":{"_jetpack_memberships_contains_paid_content":false,"footnotes":"","jetpack_publicize_message":"","jetpack_publicize_feature_enabled":true,"jetpack_social_post_already_shared":true,"jetpack_social_options":{"image_generator_settings":{"template":"highway","default_image_id":0,"font":"","enabled":false},"version":2}},"categories":[21],"tags":[723],"class_list":["post-18607","post","type-post","status-publish","format-standard","hentry","category-informeci","tag-jornalismo"],"jetpack_publicize_connections":[],"jetpack_featured_media_url":"","views":"","jetpack_sharing_enabled":true,"_links":{"self":[{"href":"https:\/\/www.pedroandretta.info\/index\/wp-json\/wp\/v2\/posts\/18607","targetHints":{"allow":["GET"]}}],"collection":[{"href":"https:\/\/www.pedroandretta.info\/index\/wp-json\/wp\/v2\/posts"}],"about":[{"href":"https:\/\/www.pedroandretta.info\/index\/wp-json\/wp\/v2\/types\/post"}],"author":[{"embeddable":true,"href":"https:\/\/www.pedroandretta.info\/index\/wp-json\/wp\/v2\/users\/1"}],"replies":[{"embeddable":true,"href":"https:\/\/www.pedroandretta.info\/index\/wp-json\/wp\/v2\/comments?post=18607"}],"version-history":[{"count":0,"href":"https:\/\/www.pedroandretta.info\/index\/wp-json\/wp\/v2\/posts\/18607\/revisions"}],"wp:attachment":[{"href":"https:\/\/www.pedroandretta.info\/index\/wp-json\/wp\/v2\/media?parent=18607"}],"wp:term":[{"taxonomy":"category","embeddable":true,"href":"https:\/\/www.pedroandretta.info\/index\/wp-json\/wp\/v2\/categories?post=18607"},{"taxonomy":"post_tag","embeddable":true,"href":"https:\/\/www.pedroandretta.info\/index\/wp-json\/wp\/v2\/tags?post=18607"}],"curies":[{"name":"wp","href":"https:\/\/api.w.org\/{rel}","templated":true}]}}