{"id":18717,"date":"2023-02-02T13:19:30","date_gmt":"2023-02-02T17:19:30","guid":{"rendered":"https:\/\/www.pedroandretta.info\/index\/2023\/02\/02\/guia-orientador-para-a-gestao-de-colecoes-bibliograficas-em-bibliotecas-escolare\/"},"modified":"2023-02-02T13:19:30","modified_gmt":"2023-02-02T17:19:30","slug":"guia-orientador-para-a-gestao-de-colecoes-bibliograficas-em-bibliotecas-escolare","status":"publish","type":"post","link":"https:\/\/www.pedroandretta.info\/index\/2023\/02\/guia-orientador-para-a-gestao-de-colecoes-bibliograficas-em-bibliotecas-escolare\/","title":{"rendered":"Guia orientador para a gest\u00e3o de cole\u00e7\u00f5es bibliogr\u00e1ficas em bibliotecas escolare&#8230;"},"content":{"rendered":"<p>[ad_1]<br \/>\n<img data-recalc-dims=\"1\" decoding=\"async\" src=\"https:\/\/i0.wp.com\/pbs.twimg.com\/media\/Fn-lvJqXwAElONy.jpg?w=696&#038;ssl=1\" \/><\/p>\n<p>Guia orientador para a gest\u00e3o de cole\u00e7\u00f5es bibliogr\u00e1ficas em bibliotecas escolares, de Claudia Virginia Becerra M\u00e1rquez e Claudia Rodr\u00edguez Rodr\u00edguez (2021) l  Do Cerlalc. #Forma\u00e7\u00e3oDeCole\u00e7\u00f5es #BibliotecasEscolares #LivrosCI <a href=\"https:\/\/cerlalc.org\/wp-content\/uploads\/2022\/08\/04.-Gui%CC%81a-orientadora-para-la-gestio%CC%81n-de-colecciones-bibliogra%CC%81ficas-en-bibliotecas-escolares.pdf\" target=\"_blank\" rel=\"noopener\">cerlalc.org\/wp-content\/upl\u2026<\/a> <a href=\"https:\/\/t.co\/cP4qkeqmDd\" target=\"_blank\" rel=\"noopener\">https:\/\/t.co\/cP4qkeqmDd<\/a><br \/>\n[ad_2]<br \/>\n<br \/>Acesse o item em: <a href=\"https:\/\/cerlalc.org\/wp-content\/uploads\/2022\/08\/04.-Gui%CC%81a-orientadora-para-la-gestio%CC%81n-de-colecciones-bibliogra%CC%81ficas-en-bibliotecas-escolares.pdf\">https:\/\/cerlalc.org\/wp-content\/uploads\/2022\/08\/04.-Gui%CC%81a-orientadora-para-la-gestio%CC%81n-de-colecciones-bibliogra%CC%81ficas-en-bibliotecas-escolares.pdf<\/a><\/p>\n","protected":false},"excerpt":{"rendered":"<p>[ad_1] Guia orientador para a gest\u00e3o de cole\u00e7\u00f5es bibliogr\u00e1ficas em bibliotecas escolares, de Claudia Virginia Becerra M\u00e1rquez e Claudia Rodr\u00edguez Rodr\u00edguez (2021) l Do Cerlalc. #Forma\u00e7\u00e3oDeCole\u00e7\u00f5es #BibliotecasEscolares #LivrosCI cerlalc.org\/wp-content\/upl\u2026 https:\/\/t.co\/cP4qkeqmDd [ad_2] Acesse o item em: https:\/\/cerlalc.org\/wp-content\/uploads\/2022\/08\/04.-Gui%CC%81a-orientadora-para-la-gestio%CC%81n-de-colecciones-bibliogra%CC%81ficas-en-bibliotecas-escolares.pdf<\/p>\n","protected":false},"author":1,"featured_media":18718,"comment_status":"open","ping_status":"open","sticky":false,"template":"","format":"standard","meta":{"_jetpack_memberships_contains_paid_content":false,"footnotes":"","jetpack_publicize_message":"","jetpack_publicize_feature_enabled":true,"jetpack_social_post_already_shared":true,"jetpack_social_options":{"image_generator_settings":{"template":"highway","default_image_id":0,"font":"","enabled":false},"version":2}},"categories":[21],"tags":[79,51,1733],"class_list":["post-18717","post","type-post","status-publish","format-standard","has-post-thumbnail","hentry","category-informeci","tag-bibliotecasescolares","tag-formacaodecolecoes","tag-livrosci"],"jetpack_publicize_connections":[],"jetpack_featured_media_url":"https:\/\/i0.wp.com\/www.pedroandretta.info\/index\/wp-content\/uploads\/2023\/02\/Fn-lvJqXwAElONy.jpg?fit=623%2C807&ssl=1","views":"","jetpack_sharing_enabled":true,"_links":{"self":[{"href":"https:\/\/www.pedroandretta.info\/index\/wp-json\/wp\/v2\/posts\/18717","targetHints":{"allow":["GET"]}}],"collection":[{"href":"https:\/\/www.pedroandretta.info\/index\/wp-json\/wp\/v2\/posts"}],"about":[{"href":"https:\/\/www.pedroandretta.info\/index\/wp-json\/wp\/v2\/types\/post"}],"author":[{"embeddable":true,"href":"https:\/\/www.pedroandretta.info\/index\/wp-json\/wp\/v2\/users\/1"}],"replies":[{"embeddable":true,"href":"https:\/\/www.pedroandretta.info\/index\/wp-json\/wp\/v2\/comments?post=18717"}],"version-history":[{"count":0,"href":"https:\/\/www.pedroandretta.info\/index\/wp-json\/wp\/v2\/posts\/18717\/revisions"}],"wp:featuredmedia":[{"embeddable":true,"href":"https:\/\/www.pedroandretta.info\/index\/wp-json\/wp\/v2\/media\/18718"}],"wp:attachment":[{"href":"https:\/\/www.pedroandretta.info\/index\/wp-json\/wp\/v2\/media?parent=18717"}],"wp:term":[{"taxonomy":"category","embeddable":true,"href":"https:\/\/www.pedroandretta.info\/index\/wp-json\/wp\/v2\/categories?post=18717"},{"taxonomy":"post_tag","embeddable":true,"href":"https:\/\/www.pedroandretta.info\/index\/wp-json\/wp\/v2\/tags?post=18717"}],"curies":[{"name":"wp","href":"https:\/\/api.w.org\/{rel}","templated":true}]}}