{"id":18744,"date":"2023-02-03T14:02:28","date_gmt":"2023-02-03T18:02:28","guid":{"rendered":"https:\/\/www.pedroandretta.info\/index\/2023\/02\/03\/a-audificacao-da-informacao-ou-como-a-midia-incorpora-o-audio-em-suas-estrategia\/"},"modified":"2023-02-03T14:02:28","modified_gmt":"2023-02-03T18:02:28","slug":"a-audificacao-da-informacao-ou-como-a-midia-incorpora-o-audio-em-suas-estrategia","status":"publish","type":"post","link":"https:\/\/www.pedroandretta.info\/index\/2023\/02\/a-audificacao-da-informacao-ou-como-a-midia-incorpora-o-audio-em-suas-estrategia\/","title":{"rendered":"A audifica\u00e7\u00e3o da informa\u00e7\u00e3o ou como a m\u00eddia incorpora o \u00e1udio em suas estrat\u00e9gia&#8230;"},"content":{"rendered":"<p>[ad_1]<\/p>\n<p>A audifica\u00e7\u00e3o da informa\u00e7\u00e3o ou como a m\u00eddia incorpora o \u00e1udio em suas estrat\u00e9gias de distribui\u00e7\u00e3o<br \/>\nEntrar. l \u201cO \u00e1udio tem vindo a ganhar cada vez mais import\u00e2ncia como formato de consumo de conte\u00fados noticiosos.\u201d #Podcast #ConsumoDeInforma\u00e7\u00e3o \ud83c\uddea\ud83c\uddf8 via COMeIN <a href=\"http:\/\/www.uoc.edu\/divulgacio\/comein\/es\/numero129\/articles\/s-martinez-l-audificacio-de-la-informacio-o-com-els-mitjans-incorporen-l-audio-en-les-seves-estrategies-de-distribucio.html\" target=\"_blank\" rel=\"noopener\">uoc.edu\/divulgacio\/com\u2026<\/a><br \/>\n[ad_2]<br \/>\n<br \/>Acesse o item em: <a href=\"http:\/\/www.uoc.edu\/divulgacio\/comein\/es\/numero129\/articles\/s-martinez-l-audificacio-de-la-informacio-o-com-els-mitjans-incorporen-l-audio-en-les-seves-estrategies-de-distribucio.html\">http:\/\/www.uoc.edu\/divulgacio\/comein\/es\/numero129\/articles\/s-martinez-l-audificacio-de-la-informacio-o-com-els-mitjans-incorporen-l-audio-en-les-seves-estrategies-de-distribucio.html<\/a><\/p>\n","protected":false},"excerpt":{"rendered":"<p>[ad_1] A audifica\u00e7\u00e3o da informa\u00e7\u00e3o ou como a m\u00eddia incorpora o \u00e1udio em suas estrat\u00e9gias de distribui\u00e7\u00e3o Entrar. l \u201cO \u00e1udio tem vindo a ganhar cada vez mais import\u00e2ncia como formato de consumo de conte\u00fados noticiosos.\u201d #Podcast #ConsumoDeInforma\u00e7\u00e3o \ud83c\uddea\ud83c\uddf8 via COMeIN uoc.edu\/divulgacio\/com\u2026 [ad_2] Acesse o item em: http:\/\/www.uoc.edu\/divulgacio\/comein\/es\/numero129\/articles\/s-martinez-l-audificacio-de-la-informacio-o-com-els-mitjans-incorporen-l-audio-en-les-seves-estrategies-de-distribucio.html<\/p>\n","protected":false},"author":1,"featured_media":0,"comment_status":"open","ping_status":"open","sticky":false,"template":"","format":"standard","meta":{"_jetpack_memberships_contains_paid_content":false,"footnotes":"","jetpack_publicize_message":"","jetpack_publicize_feature_enabled":true,"jetpack_social_post_already_shared":true,"jetpack_social_options":{"image_generator_settings":{"template":"highway","default_image_id":0,"font":"","enabled":false},"version":2}},"categories":[21],"tags":[2012,86],"class_list":["post-18744","post","type-post","status-publish","format-standard","hentry","category-informeci","tag-consumodeinformacao","tag-podcast"],"jetpack_publicize_connections":[],"jetpack_featured_media_url":"","views":"","jetpack_sharing_enabled":true,"_links":{"self":[{"href":"https:\/\/www.pedroandretta.info\/index\/wp-json\/wp\/v2\/posts\/18744","targetHints":{"allow":["GET"]}}],"collection":[{"href":"https:\/\/www.pedroandretta.info\/index\/wp-json\/wp\/v2\/posts"}],"about":[{"href":"https:\/\/www.pedroandretta.info\/index\/wp-json\/wp\/v2\/types\/post"}],"author":[{"embeddable":true,"href":"https:\/\/www.pedroandretta.info\/index\/wp-json\/wp\/v2\/users\/1"}],"replies":[{"embeddable":true,"href":"https:\/\/www.pedroandretta.info\/index\/wp-json\/wp\/v2\/comments?post=18744"}],"version-history":[{"count":0,"href":"https:\/\/www.pedroandretta.info\/index\/wp-json\/wp\/v2\/posts\/18744\/revisions"}],"wp:attachment":[{"href":"https:\/\/www.pedroandretta.info\/index\/wp-json\/wp\/v2\/media?parent=18744"}],"wp:term":[{"taxonomy":"category","embeddable":true,"href":"https:\/\/www.pedroandretta.info\/index\/wp-json\/wp\/v2\/categories?post=18744"},{"taxonomy":"post_tag","embeddable":true,"href":"https:\/\/www.pedroandretta.info\/index\/wp-json\/wp\/v2\/tags?post=18744"}],"curies":[{"name":"wp","href":"https:\/\/api.w.org\/{rel}","templated":true}]}}