{"id":18823,"date":"2023-02-03T13:55:38","date_gmt":"2023-02-03T17:55:38","guid":{"rendered":"https:\/\/www.pedroandretta.info\/index\/2023\/02\/03\/evasao-e-educacao-superior-l-alem-de-representar-perdas-nos-ambitos-social-aca\/"},"modified":"2023-02-03T13:55:38","modified_gmt":"2023-02-03T17:55:38","slug":"evasao-e-educacao-superior-l-alem-de-representar-perdas-nos-ambitos-social-aca","status":"publish","type":"post","link":"https:\/\/www.pedroandretta.info\/index\/2023\/02\/evasao-e-educacao-superior-l-alem-de-representar-perdas-nos-ambitos-social-aca\/","title":{"rendered":"Evas\u00e3o e Educa\u00e7\u00e3o Superior l \u201cAl\u00e9m de representar perdas nos \u00e2mbitos social, aca&#8230;"},"content":{"rendered":"<p>[ad_1]<br \/>\n<img data-recalc-dims=\"1\" decoding=\"async\" src=\"https:\/\/i0.wp.com\/f.i.uol.com.br\/fotografia\/2023\/02\/03\/167541859963dcdbe7176f5_1675418599_3x2_rt.jpg?w=696&#038;ssl=1\"\/><\/p>\n<p>Evas\u00e3o e Educa\u00e7\u00e3o Superior l \u201cAl\u00e9m de representar perdas nos \u00e2mbitos social, acad\u00eamico e econ\u00f4mico, ela significa tamb\u00e9m um grande sofrimento emocional \u00e0queles que, por algum motivo, precisam abandonar os seus cursos.\u201d #Evas\u00e3o #EnsinoSuperior via Folha <a href=\"https:\/\/www1.folha.uol.com.br\/blogs\/sou-ciencia\/2023\/02\/23-milhoes-abandonaram-curso-superior-em-2021.shtml\" target=\"_blank\" rel=\"noopener\">www1.folha.uol.com.br\/blogs\/sou-cien\u2026<\/a><br \/>\n[ad_2]<br \/>\n<br \/>Acesse o item em: <a href=\"https:\/\/www1.folha.uol.com.br\/blogs\/sou-ciencia\/2023\/02\/23-milhoes-abandonaram-curso-superior-em-2021.shtml\">https:\/\/www1.folha.uol.com.br\/blogs\/sou-ciencia\/2023\/02\/23-milhoes-abandonaram-curso-superior-em-2021.shtml<\/a><\/p>\n","protected":false},"excerpt":{"rendered":"<p>[ad_1] Evas\u00e3o e Educa\u00e7\u00e3o Superior l \u201cAl\u00e9m de representar perdas nos \u00e2mbitos social, acad\u00eamico e econ\u00f4mico, ela significa tamb\u00e9m um grande sofrimento emocional \u00e0queles que, por algum motivo, precisam abandonar os seus cursos.\u201d #Evas\u00e3o #EnsinoSuperior via Folha www1.folha.uol.com.br\/blogs\/sou-cien\u2026 [ad_2] Acesse o item em: https:\/\/www1.folha.uol.com.br\/blogs\/sou-ciencia\/2023\/02\/23-milhoes-abandonaram-curso-superior-em-2021.shtml<\/p>\n","protected":false},"author":1,"featured_media":18824,"comment_status":"open","ping_status":"open","sticky":false,"template":"","format":"standard","meta":{"_jetpack_memberships_contains_paid_content":false,"footnotes":"","jetpack_publicize_message":"","jetpack_publicize_feature_enabled":true,"jetpack_social_post_already_shared":true,"jetpack_social_options":{"image_generator_settings":{"template":"highway","default_image_id":0,"font":"","enabled":false},"version":2}},"categories":[21],"tags":[888,2939],"class_list":["post-18823","post","type-post","status-publish","format-standard","has-post-thumbnail","hentry","category-informeci","tag-ensinosuperior","tag-evasao"],"jetpack_publicize_connections":[],"jetpack_featured_media_url":"https:\/\/i0.wp.com\/www.pedroandretta.info\/index\/wp-content\/uploads\/2023\/02\/167541859963dcdbe7176f5_1675418599_3x2_rt.jpg?fit=2400%2C1601&ssl=1","views":"","jetpack_sharing_enabled":true,"_links":{"self":[{"href":"https:\/\/www.pedroandretta.info\/index\/wp-json\/wp\/v2\/posts\/18823","targetHints":{"allow":["GET"]}}],"collection":[{"href":"https:\/\/www.pedroandretta.info\/index\/wp-json\/wp\/v2\/posts"}],"about":[{"href":"https:\/\/www.pedroandretta.info\/index\/wp-json\/wp\/v2\/types\/post"}],"author":[{"embeddable":true,"href":"https:\/\/www.pedroandretta.info\/index\/wp-json\/wp\/v2\/users\/1"}],"replies":[{"embeddable":true,"href":"https:\/\/www.pedroandretta.info\/index\/wp-json\/wp\/v2\/comments?post=18823"}],"version-history":[{"count":0,"href":"https:\/\/www.pedroandretta.info\/index\/wp-json\/wp\/v2\/posts\/18823\/revisions"}],"wp:featuredmedia":[{"embeddable":true,"href":"https:\/\/www.pedroandretta.info\/index\/wp-json\/wp\/v2\/media\/18824"}],"wp:attachment":[{"href":"https:\/\/www.pedroandretta.info\/index\/wp-json\/wp\/v2\/media?parent=18823"}],"wp:term":[{"taxonomy":"category","embeddable":true,"href":"https:\/\/www.pedroandretta.info\/index\/wp-json\/wp\/v2\/categories?post=18823"},{"taxonomy":"post_tag","embeddable":true,"href":"https:\/\/www.pedroandretta.info\/index\/wp-json\/wp\/v2\/tags?post=18823"}],"curies":[{"name":"wp","href":"https:\/\/api.w.org\/{rel}","templated":true}]}}