{"id":18825,"date":"2023-02-03T14:06:47","date_gmt":"2023-02-03T18:06:47","guid":{"rendered":"https:\/\/www.pedroandretta.info\/index\/2023\/02\/03\/as-invisibilidades-de-homossexuais-na-representacao-tematica-nos-catalogos-d\/"},"modified":"2023-02-03T14:06:47","modified_gmt":"2023-02-03T18:06:47","slug":"as-invisibilidades-de-homossexuais-na-representacao-tematica-nos-catalogos-d","status":"publish","type":"post","link":"https:\/\/www.pedroandretta.info\/index\/2023\/02\/as-invisibilidades-de-homossexuais-na-representacao-tematica-nos-catalogos-d\/","title":{"rendered":"As invisibilidades de homossexuais [\u2026] na representa\u00e7\u00e3o tem\u00e1tica nos cat\u00e1logos d&#8230;"},"content":{"rendered":"<p>[ad_1]<br \/>\n<img data-recalc-dims=\"1\" decoding=\"async\" src=\"https:\/\/i0.wp.com\/pbs.twimg.com\/media\/FoD6Jc_XEAEV5cE.jpg?w=696&#038;ssl=1\" \/><\/p>\n<p>As invisibilidades de homossexuais [\u2026] na representa\u00e7\u00e3o tem\u00e1tica nos cat\u00e1logos das bibliotecas l \u201c[\u2026] ainda h\u00e1 o uso inadequado\u00a0de termos e que h\u00e1 a necessidade de capacita\u00e7\u00e3o dos bibliotec\u00e1rios sobre o uso de termos adequados [\u2026]\u201d #Cat\u00e1logos #LGBTQIA+ <a href=\"https:\/\/revista.acbsc.org.br\/racb\/article\/view\/1821\" target=\"_blank\" rel=\"noopener\">revista.acbsc.org.br\/racb\/article\/v\u2026<\/a> <a href=\"https:\/\/t.co\/NSYfQJWIu2\" target=\"_blank\" rel=\"noopener\">https:\/\/t.co\/NSYfQJWIu2<\/a><br \/>\n[ad_2]<br \/>\n<br \/>Acesse o item em: <a href=\"https:\/\/revista.acbsc.org.br\/racb\/article\/view\/1821\">https:\/\/revista.acbsc.org.br\/racb\/article\/view\/1821<\/a><\/p>\n","protected":false},"excerpt":{"rendered":"<p>[ad_1] As invisibilidades de homossexuais [\u2026] na representa\u00e7\u00e3o tem\u00e1tica nos cat\u00e1logos das bibliotecas l \u201c[\u2026] ainda h\u00e1 o uso inadequado\u00a0de termos e que h\u00e1 a necessidade de capacita\u00e7\u00e3o dos bibliotec\u00e1rios sobre o uso de termos adequados [\u2026]\u201d #Cat\u00e1logos #LGBTQIA+ revista.acbsc.org.br\/racb\/article\/v\u2026 https:\/\/t.co\/NSYfQJWIu2 [ad_2] Acesse o item em: https:\/\/revista.acbsc.org.br\/racb\/article\/view\/1821<\/p>\n","protected":false},"author":1,"featured_media":18826,"comment_status":"open","ping_status":"open","sticky":false,"template":"","format":"standard","meta":{"_jetpack_memberships_contains_paid_content":false,"footnotes":"","jetpack_publicize_message":"","jetpack_publicize_feature_enabled":true,"jetpack_social_post_already_shared":true,"jetpack_social_options":{"image_generator_settings":{"template":"highway","default_image_id":0,"font":"","enabled":false},"version":2}},"categories":[21],"tags":[842,3508],"class_list":["post-18825","post","type-post","status-publish","format-standard","has-post-thumbnail","hentry","category-informeci","tag-catalogos","tag-lgbtqiap"],"jetpack_publicize_connections":[],"jetpack_featured_media_url":"https:\/\/i0.wp.com\/www.pedroandretta.info\/index\/wp-content\/uploads\/2023\/02\/FoD6Jc_XEAEV5cE.jpg?fit=621%2C897&ssl=1","views":"","jetpack_sharing_enabled":true,"_links":{"self":[{"href":"https:\/\/www.pedroandretta.info\/index\/wp-json\/wp\/v2\/posts\/18825","targetHints":{"allow":["GET"]}}],"collection":[{"href":"https:\/\/www.pedroandretta.info\/index\/wp-json\/wp\/v2\/posts"}],"about":[{"href":"https:\/\/www.pedroandretta.info\/index\/wp-json\/wp\/v2\/types\/post"}],"author":[{"embeddable":true,"href":"https:\/\/www.pedroandretta.info\/index\/wp-json\/wp\/v2\/users\/1"}],"replies":[{"embeddable":true,"href":"https:\/\/www.pedroandretta.info\/index\/wp-json\/wp\/v2\/comments?post=18825"}],"version-history":[{"count":0,"href":"https:\/\/www.pedroandretta.info\/index\/wp-json\/wp\/v2\/posts\/18825\/revisions"}],"wp:featuredmedia":[{"embeddable":true,"href":"https:\/\/www.pedroandretta.info\/index\/wp-json\/wp\/v2\/media\/18826"}],"wp:attachment":[{"href":"https:\/\/www.pedroandretta.info\/index\/wp-json\/wp\/v2\/media?parent=18825"}],"wp:term":[{"taxonomy":"category","embeddable":true,"href":"https:\/\/www.pedroandretta.info\/index\/wp-json\/wp\/v2\/categories?post=18825"},{"taxonomy":"post_tag","embeddable":true,"href":"https:\/\/www.pedroandretta.info\/index\/wp-json\/wp\/v2\/tags?post=18825"}],"curies":[{"name":"wp","href":"https:\/\/api.w.org\/{rel}","templated":true}]}}