{"id":18835,"date":"2023-02-04T17:42:44","date_gmt":"2023-02-04T21:42:44","guid":{"rendered":"https:\/\/www.pedroandretta.info\/index\/2023\/02\/04\/entrevista-com-a-pesquisadora-eliane-bezerra-paiva-da-universidade-federal-da\/"},"modified":"2023-02-04T17:42:44","modified_gmt":"2023-02-04T21:42:44","slug":"entrevista-com-a-pesquisadora-eliane-bezerra-paiva-da-universidade-federal-da","status":"publish","type":"post","link":"https:\/\/www.pedroandretta.info\/index\/2023\/02\/entrevista-com-a-pesquisadora-eliane-bezerra-paiva-da-universidade-federal-da\/","title":{"rendered":"#Entrevista com a pesquisadora Eliane Bezerra Paiva, da Universidade Federal da &#8230;"},"content":{"rendered":"<p>[ad_1]<\/p>\n<p>#Entrevista com a pesquisadora Eliane Bezerra Paiva, da Universidade Federal da Para\u00edba sobre fontes de informa\u00e7\u00e3o ind\u00edgena l \u201cA grava\u00e7\u00e3o do epis\u00f3dio aconteceu durante a realiza\u00e7\u00e3o do  XXII ENANCIB [\u2026]\u201d #FontesDeInforma\u00e7\u00e3o #PovosInd\u00edgenas via FAROL <a href=\"https:\/\/www.ufrgs.br\/farol\/episodio\/entrevista-com-a-pesquisadora-eliane-bezerra-paiva-da-universidade-federal-da-paraiba-sobre-fontes-de-informacao-indigena\/\" target=\"_blank\" rel=\"noopener\">ufrgs.br\/farol\/episodio\u2026<\/a><br \/>\n[ad_2]<br \/>\n<br \/>Acesse o item em: <a href=\"https:\/\/www.ufrgs.br\/farol\/episodio\/entrevista-com-a-pesquisadora-eliane-bezerra-paiva-da-universidade-federal-da-paraiba-sobre-fontes-de-informacao-indigena\/\">https:\/\/www.ufrgs.br\/farol\/episodio\/entrevista-com-a-pesquisadora-eliane-bezerra-paiva-da-universidade-federal-da-paraiba-sobre-fontes-de-informacao-indigena\/<\/a><\/p>\n","protected":false},"excerpt":{"rendered":"<p>[ad_1] #Entrevista com a pesquisadora Eliane Bezerra Paiva, da Universidade Federal da Para\u00edba sobre fontes de informa\u00e7\u00e3o ind\u00edgena l \u201cA grava\u00e7\u00e3o do epis\u00f3dio aconteceu durante a realiza\u00e7\u00e3o do XXII ENANCIB [\u2026]\u201d #FontesDeInforma\u00e7\u00e3o #PovosInd\u00edgenas via FAROL ufrgs.br\/farol\/episodio\u2026 [ad_2] Acesse o item em: https:\/\/www.ufrgs.br\/farol\/episodio\/entrevista-com-a-pesquisadora-eliane-bezerra-paiva-da-universidade-federal-da-paraiba-sobre-fontes-de-informacao-indigena\/<\/p>\n","protected":false},"author":1,"featured_media":0,"comment_status":"open","ping_status":"open","sticky":false,"template":"","format":"standard","meta":{"_jetpack_memberships_contains_paid_content":false,"footnotes":"","jetpack_publicize_message":"","jetpack_publicize_feature_enabled":true,"jetpack_social_post_already_shared":true,"jetpack_social_options":{"image_generator_settings":{"template":"highway","default_image_id":0,"font":"","enabled":false},"version":2}},"categories":[21],"tags":[601,133,2700],"class_list":["post-18835","post","type-post","status-publish","format-standard","hentry","category-informeci","tag-entrevista","tag-fontesdeinformacao","tag-povosindigenas"],"jetpack_publicize_connections":[],"jetpack_featured_media_url":"","views":"","jetpack_sharing_enabled":true,"_links":{"self":[{"href":"https:\/\/www.pedroandretta.info\/index\/wp-json\/wp\/v2\/posts\/18835","targetHints":{"allow":["GET"]}}],"collection":[{"href":"https:\/\/www.pedroandretta.info\/index\/wp-json\/wp\/v2\/posts"}],"about":[{"href":"https:\/\/www.pedroandretta.info\/index\/wp-json\/wp\/v2\/types\/post"}],"author":[{"embeddable":true,"href":"https:\/\/www.pedroandretta.info\/index\/wp-json\/wp\/v2\/users\/1"}],"replies":[{"embeddable":true,"href":"https:\/\/www.pedroandretta.info\/index\/wp-json\/wp\/v2\/comments?post=18835"}],"version-history":[{"count":0,"href":"https:\/\/www.pedroandretta.info\/index\/wp-json\/wp\/v2\/posts\/18835\/revisions"}],"wp:attachment":[{"href":"https:\/\/www.pedroandretta.info\/index\/wp-json\/wp\/v2\/media?parent=18835"}],"wp:term":[{"taxonomy":"category","embeddable":true,"href":"https:\/\/www.pedroandretta.info\/index\/wp-json\/wp\/v2\/categories?post=18835"},{"taxonomy":"post_tag","embeddable":true,"href":"https:\/\/www.pedroandretta.info\/index\/wp-json\/wp\/v2\/tags?post=18835"}],"curies":[{"name":"wp","href":"https:\/\/api.w.org\/{rel}","templated":true}]}}