{"id":18836,"date":"2023-02-04T17:38:51","date_gmt":"2023-02-04T21:38:51","guid":{"rendered":"https:\/\/www.pedroandretta.info\/index\/2023\/02\/04\/combate-a-desinformacao-no-processo-eleitoral-brasileiro-uma-analise-da-atuacao\/"},"modified":"2024-09-30T00:58:48","modified_gmt":"2024-09-30T04:58:48","slug":"combate-a-desinformacao-no-processo-eleitoral-brasileiro-uma-analise-da-atuacao","status":"publish","type":"post","link":"https:\/\/www.pedroandretta.info\/index\/2023\/02\/combate-a-desinformacao-no-processo-eleitoral-brasileiro-uma-analise-da-atuacao\/","title":{"rendered":"Combate \u00e0 desinforma\u00e7\u00e3o no processo eleitoral brasileiro: uma an\u00e1lise da atua\u00e7\u00e3o&#8230;"},"content":{"rendered":"<p>[ad_1]<br \/>\n<img data-recalc-dims=\"1\" decoding=\"async\" src=\"https:\/\/i0.wp.com\/pbs.twimg.com\/media\/FoJ0RuAXEAI9kgW.jpg?w=696&#038;ssl=1\" \/><\/p>\n<p>Combate \u00e0 desinforma\u00e7\u00e3o no processo eleitoral brasileiro: uma an\u00e1lise da atua\u00e7\u00e3o da justi\u00e7a eleitoral sob a \u00f3tica da constru\u00e7\u00e3o do conhecimento e da media\u00e7\u00e3o da informa\u00e7\u00e3o l #Desinforma\u00e7\u00e3o #Elei\u00e7\u00f5es #Media\u00e7\u00e3oDaInforma\u00e7\u00e3o #TD <a href=\"https:\/\/repositorio.ufrn.br\/handle\/123456789\/51186\" target=\"_blank\" rel=\"noopener\">repositorio.ufrn.br\/handle\/1234567\u2026<\/a> <a href=\"https:\/\/t.co\/fsU0NqmnHs\" target=\"_blank\" rel=\"noopener\">https:\/\/t.co\/fsU0NqmnHs<\/a><br \/>\n[ad_2]<\/p>\n<p>Acesse o item em: <a href=\"https:\/\/repositorio.ufrn.br\/handle\/123456789\/51186\">https:\/\/repositorio.ufrn.br\/handle\/123456789\/51186<\/a><\/p>\n","protected":false},"excerpt":{"rendered":"<p>[ad_1] Combate \u00e0 desinforma\u00e7\u00e3o no processo eleitoral brasileiro: uma an\u00e1lise da atua\u00e7\u00e3o da justi\u00e7a eleitoral sob a \u00f3tica da constru\u00e7\u00e3o do conhecimento e da media\u00e7\u00e3o da informa\u00e7\u00e3o l #Desinforma\u00e7\u00e3o #Elei\u00e7\u00f5es #Media\u00e7\u00e3oDaInforma\u00e7\u00e3o #TD repositorio.ufrn.br\/handle\/1234567\u2026 https:\/\/t.co\/fsU0NqmnHs [ad_2] Acesse o item em: https:\/\/repositorio.ufrn.br\/handle\/123456789\/51186<\/p>\n","protected":false},"author":1,"featured_media":18837,"comment_status":"open","ping_status":"open","sticky":false,"template":"","format":"standard","meta":{"_jetpack_memberships_contains_paid_content":false,"footnotes":"","jetpack_publicize_message":"","jetpack_publicize_feature_enabled":true,"jetpack_social_post_already_shared":true,"jetpack_social_options":{"image_generator_settings":{"template":"highway","default_image_id":0,"font":"","enabled":false},"version":2}},"categories":[21],"tags":[142,143,509],"class_list":["post-18836","post","type-post","status-publish","format-standard","has-post-thumbnail","hentry","category-informeci","tag-desinformacao","tag-eleicoes","tag-mediacaodainformacao"],"jetpack_publicize_connections":[],"jetpack_featured_media_url":"https:\/\/i0.wp.com\/www.pedroandretta.info\/index\/wp-content\/uploads\/2023\/02\/FoJ0RuAXEAI9kgW.jpg?fit=626%2C859&ssl=1","views":"","jetpack_sharing_enabled":true,"_links":{"self":[{"href":"https:\/\/www.pedroandretta.info\/index\/wp-json\/wp\/v2\/posts\/18836","targetHints":{"allow":["GET"]}}],"collection":[{"href":"https:\/\/www.pedroandretta.info\/index\/wp-json\/wp\/v2\/posts"}],"about":[{"href":"https:\/\/www.pedroandretta.info\/index\/wp-json\/wp\/v2\/types\/post"}],"author":[{"embeddable":true,"href":"https:\/\/www.pedroandretta.info\/index\/wp-json\/wp\/v2\/users\/1"}],"replies":[{"embeddable":true,"href":"https:\/\/www.pedroandretta.info\/index\/wp-json\/wp\/v2\/comments?post=18836"}],"version-history":[{"count":0,"href":"https:\/\/www.pedroandretta.info\/index\/wp-json\/wp\/v2\/posts\/18836\/revisions"}],"wp:featuredmedia":[{"embeddable":true,"href":"https:\/\/www.pedroandretta.info\/index\/wp-json\/wp\/v2\/media\/18837"}],"wp:attachment":[{"href":"https:\/\/www.pedroandretta.info\/index\/wp-json\/wp\/v2\/media?parent=18836"}],"wp:term":[{"taxonomy":"category","embeddable":true,"href":"https:\/\/www.pedroandretta.info\/index\/wp-json\/wp\/v2\/categories?post=18836"},{"taxonomy":"post_tag","embeddable":true,"href":"https:\/\/www.pedroandretta.info\/index\/wp-json\/wp\/v2\/tags?post=18836"}],"curies":[{"name":"wp","href":"https:\/\/api.w.org\/{rel}","templated":true}]}}