{"id":18869,"date":"2023-02-08T13:41:49","date_gmt":"2023-02-08T17:41:49","guid":{"rendered":"https:\/\/www.pedroandretta.info\/index\/2023\/02\/08\/africa-professora-registra-efeito-de-aulas-l-ensino-sobre-cultura-africana-e-o\/"},"modified":"2023-02-08T13:41:49","modified_gmt":"2023-02-08T17:41:49","slug":"africa-professora-registra-efeito-de-aulas-l-ensino-sobre-cultura-africana-e-o","status":"publish","type":"post","link":"https:\/\/www.pedroandretta.info\/index\/2023\/02\/africa-professora-registra-efeito-de-aulas-l-ensino-sobre-cultura-africana-e-o\/","title":{"rendered":"\u00c1frica: professora registra efeito de aulas l \u201cEnsino sobre cultura africana \u00e9 o&#8230;"},"content":{"rendered":"<p>[ad_1]<br \/>\n<img data-recalc-dims=\"1\" decoding=\"async\" src=\"https:\/\/i0.wp.com\/pbs.twimg.com\/media\/FodkYfPXEBgXXvH.jpg?w=696&#038;ssl=1\" \/><\/p>\n<p>\u00c1frica: professora registra efeito de aulas l \u201cEnsino sobre cultura africana \u00e9 obrigat\u00f3rio h\u00e1 20 anos; docentes se queixam de limita\u00e7\u00f5es na forma\u00e7\u00e3o\u201d #Lei10639 via Folha <a href=\"https:\/\/www1.folha.uol.com.br\/educacao\/2023\/02\/professora-registra-efeito-de-aulas-sobre-africa-para-romper-estereotipos.shtml\" target=\"_blank\" rel=\"noopener\">www1.folha.uol.com.br\/educacao\/2023\/\u2026<\/a> <a href=\"https:\/\/t.co\/7rNquvGbfW\" target=\"_blank\" rel=\"noopener\">https:\/\/t.co\/7rNquvGbfW<\/a><br \/>\n[ad_2]<br \/>\n<br \/>Acesse o item em: <a href=\"https:\/\/www1.folha.uol.com.br\/educacao\/2023\/02\/professora-registra-efeito-de-aulas-sobre-africa-para-romper-estereotipos.shtml\">https:\/\/www1.folha.uol.com.br\/educacao\/2023\/02\/professora-registra-efeito-de-aulas-sobre-africa-para-romper-estereotipos.shtml<\/a><\/p>\n","protected":false},"excerpt":{"rendered":"<p>[ad_1] \u00c1frica: professora registra efeito de aulas l \u201cEnsino sobre cultura africana \u00e9 obrigat\u00f3rio h\u00e1 20 anos; docentes se queixam de limita\u00e7\u00f5es na forma\u00e7\u00e3o\u201d #Lei10639 via Folha www1.folha.uol.com.br\/educacao\/2023\/\u2026 https:\/\/t.co\/7rNquvGbfW [ad_2] Acesse o item em: https:\/\/www1.folha.uol.com.br\/educacao\/2023\/02\/professora-registra-efeito-de-aulas-sobre-africa-para-romper-estereotipos.shtml<\/p>\n","protected":false},"author":1,"featured_media":18870,"comment_status":"open","ping_status":"open","sticky":false,"template":"","format":"standard","meta":{"_jetpack_memberships_contains_paid_content":false,"footnotes":"","jetpack_publicize_message":"","jetpack_publicize_feature_enabled":true,"jetpack_social_post_already_shared":true,"jetpack_social_options":{"image_generator_settings":{"template":"highway","default_image_id":0,"font":"","enabled":false},"version":2}},"categories":[21],"tags":[1636],"class_list":["post-18869","post","type-post","status-publish","format-standard","has-post-thumbnail","hentry","category-informeci","tag-lei10639"],"jetpack_publicize_connections":[],"jetpack_featured_media_url":"https:\/\/i0.wp.com\/www.pedroandretta.info\/index\/wp-content\/uploads\/2023\/02\/FodkYfPXEBgXXvH.jpg?fit=616%2C505&ssl=1","views":"","jetpack_sharing_enabled":true,"_links":{"self":[{"href":"https:\/\/www.pedroandretta.info\/index\/wp-json\/wp\/v2\/posts\/18869","targetHints":{"allow":["GET"]}}],"collection":[{"href":"https:\/\/www.pedroandretta.info\/index\/wp-json\/wp\/v2\/posts"}],"about":[{"href":"https:\/\/www.pedroandretta.info\/index\/wp-json\/wp\/v2\/types\/post"}],"author":[{"embeddable":true,"href":"https:\/\/www.pedroandretta.info\/index\/wp-json\/wp\/v2\/users\/1"}],"replies":[{"embeddable":true,"href":"https:\/\/www.pedroandretta.info\/index\/wp-json\/wp\/v2\/comments?post=18869"}],"version-history":[{"count":0,"href":"https:\/\/www.pedroandretta.info\/index\/wp-json\/wp\/v2\/posts\/18869\/revisions"}],"wp:featuredmedia":[{"embeddable":true,"href":"https:\/\/www.pedroandretta.info\/index\/wp-json\/wp\/v2\/media\/18870"}],"wp:attachment":[{"href":"https:\/\/www.pedroandretta.info\/index\/wp-json\/wp\/v2\/media?parent=18869"}],"wp:term":[{"taxonomy":"category","embeddable":true,"href":"https:\/\/www.pedroandretta.info\/index\/wp-json\/wp\/v2\/categories?post=18869"},{"taxonomy":"post_tag","embeddable":true,"href":"https:\/\/www.pedroandretta.info\/index\/wp-json\/wp\/v2\/tags?post=18869"}],"curies":[{"name":"wp","href":"https:\/\/api.w.org\/{rel}","templated":true}]}}