{"id":18972,"date":"2023-02-14T18:45:53","date_gmt":"2023-02-14T22:45:53","guid":{"rendered":"https:\/\/www.pedroandretta.info\/index\/2023\/02\/14\/novoensinomedio-resgata-educacao-para-o-trabalho-e-mantem-fantasmas-da-desigu\/"},"modified":"2023-02-14T18:45:53","modified_gmt":"2023-02-14T22:45:53","slug":"novoensinomedio-resgata-educacao-para-o-trabalho-e-mantem-fantasmas-da-desigu","status":"publish","type":"post","link":"https:\/\/www.pedroandretta.info\/index\/2023\/02\/novoensinomedio-resgata-educacao-para-o-trabalho-e-mantem-fantasmas-da-desigu\/","title":{"rendered":"#NovoEnsinoM\u00e9dio resgata \u201ceduca\u00e7\u00e3o para o trabalho\u201d e mant\u00e9m fantasmas da desigu&#8230;"},"content":{"rendered":"<p>[ad_1]<\/p>\n<p>#NovoEnsinoM\u00e9dio resgata \u201ceduca\u00e7\u00e3o para o trabalho\u201d e mant\u00e9m fantasmas da desigualdade educacional l&#8221;[&#8230;] o capitalismo perif\u00e9rico brasileiro est\u00e1 sempre disposto a atualizar o mote &#8216;educa\u00e7\u00e3o para o trabalho&#8217; em projetos de moderniza\u00e7\u00e3o [&#8230;]&#8221; via SciELO <a href=\"https:\/\/humanas.blog.scielo.org\/blog\/2023\/02\/14\/novo-ensino-medio-resgata-educacao-para-o-trabalho-e-mantem-fantasmas-da-desigualdade-educacional\/\" target=\"_blank\" rel=\"noopener\">humanas.blog.scielo.org\/blog\/2023\/02\/1\u2026<\/a><br \/>\n[ad_2]<br \/>\n<br \/>Acesse o item em: <a href=\"https:\/\/humanas.blog.scielo.org\/blog\/2023\/02\/14\/novo-ensino-medio-resgata-educacao-para-o-trabalho-e-mantem-fantasmas-da-desigualdade-educacional\/\">https:\/\/humanas.blog.scielo.org\/blog\/2023\/02\/14\/novo-ensino-medio-resgata-educacao-para-o-trabalho-e-mantem-fantasmas-da-desigualdade-educacional\/<\/a><\/p>\n","protected":false},"excerpt":{"rendered":"<p>[ad_1] #NovoEnsinoM\u00e9dio resgata \u201ceduca\u00e7\u00e3o para o trabalho\u201d e mant\u00e9m fantasmas da desigualdade educacional l&#8221;[&#8230;] o capitalismo perif\u00e9rico brasileiro est\u00e1 sempre disposto a atualizar o mote &#8216;educa\u00e7\u00e3o para o trabalho&#8217; em projetos de moderniza\u00e7\u00e3o [&#8230;]&#8221; via SciELO humanas.blog.scielo.org\/blog\/2023\/02\/1\u2026 [ad_2] Acesse o item em: https:\/\/humanas.blog.scielo.org\/blog\/2023\/02\/14\/novo-ensino-medio-resgata-educacao-para-o-trabalho-e-mantem-fantasmas-da-desigualdade-educacional\/<\/p>\n","protected":false},"author":1,"featured_media":0,"comment_status":"open","ping_status":"open","sticky":false,"template":"","format":"standard","meta":{"_jetpack_memberships_contains_paid_content":false,"footnotes":"","jetpack_publicize_message":"","jetpack_publicize_feature_enabled":true,"jetpack_social_post_already_shared":true,"jetpack_social_options":{"image_generator_settings":{"template":"highway","default_image_id":0,"font":"","enabled":false},"version":2}},"categories":[21],"tags":[2902],"class_list":["post-18972","post","type-post","status-publish","format-standard","hentry","category-informeci","tag-novoensinomedio"],"jetpack_publicize_connections":[],"jetpack_featured_media_url":"","views":"","jetpack_sharing_enabled":true,"_links":{"self":[{"href":"https:\/\/www.pedroandretta.info\/index\/wp-json\/wp\/v2\/posts\/18972","targetHints":{"allow":["GET"]}}],"collection":[{"href":"https:\/\/www.pedroandretta.info\/index\/wp-json\/wp\/v2\/posts"}],"about":[{"href":"https:\/\/www.pedroandretta.info\/index\/wp-json\/wp\/v2\/types\/post"}],"author":[{"embeddable":true,"href":"https:\/\/www.pedroandretta.info\/index\/wp-json\/wp\/v2\/users\/1"}],"replies":[{"embeddable":true,"href":"https:\/\/www.pedroandretta.info\/index\/wp-json\/wp\/v2\/comments?post=18972"}],"version-history":[{"count":0,"href":"https:\/\/www.pedroandretta.info\/index\/wp-json\/wp\/v2\/posts\/18972\/revisions"}],"wp:attachment":[{"href":"https:\/\/www.pedroandretta.info\/index\/wp-json\/wp\/v2\/media?parent=18972"}],"wp:term":[{"taxonomy":"category","embeddable":true,"href":"https:\/\/www.pedroandretta.info\/index\/wp-json\/wp\/v2\/categories?post=18972"},{"taxonomy":"post_tag","embeddable":true,"href":"https:\/\/www.pedroandretta.info\/index\/wp-json\/wp\/v2\/tags?post=18972"}],"curies":[{"name":"wp","href":"https:\/\/api.w.org\/{rel}","templated":true}]}}