{"id":19063,"date":"2023-02-20T17:09:10","date_gmt":"2023-02-20T21:09:10","guid":{"rendered":"https:\/\/www.pedroandretta.info\/index\/2023\/02\/20\/entrevista-com-pedro-pinto-da-universidade-nova-de-lisboa-lo-arquivista-paleo\/"},"modified":"2023-02-20T17:09:10","modified_gmt":"2023-02-20T21:09:10","slug":"entrevista-com-pedro-pinto-da-universidade-nova-de-lisboa-lo-arquivista-paleo","status":"publish","type":"post","link":"https:\/\/www.pedroandretta.info\/index\/2023\/02\/entrevista-com-pedro-pinto-da-universidade-nova-de-lisboa-lo-arquivista-paleo\/","title":{"rendered":"#Entrevista com Pedro Pinto, da Universidade Nova de Lisboa l&#8221;O arquivista-pale\u00f3&#8230;"},"content":{"rendered":"<p>[ad_1]<\/p>\n<p>#Entrevista com Pedro Pinto, da Universidade Nova de Lisboa l&#8221;O arquivista-pale\u00f3grafo \u00e9, creio, uma acumula\u00e7\u00e3o de val\u00eancias cada vez mais rara, dado que a paleografia n\u00e3o \u00e9 necessariamente uma prioridade para a forma\u00e7\u00e3o t\u00e9cnica do #arquivista&#8221; via Archovoz <a href=\"https:\/\/www.archivozmagazine.org\/pt\/entrevista-com-pedro-pinto-investigador-da-universidade-de-lisboa-faculdade-nova-de-ciencias-sociais-e-humanas\/\" target=\"_blank\" rel=\"noopener\">archivozmagazine.org\/pt\/entrevista-\u2026<\/a><br \/>\n[ad_2]<br \/>\n<br \/>Acesse o item em: <a href=\"https:\/\/www.archivozmagazine.org\/pt\/entrevista-com-pedro-pinto-investigador-da-universidade-de-lisboa-faculdade-nova-de-ciencias-sociais-e-humanas\/\">https:\/\/www.archivozmagazine.org\/pt\/entrevista-com-pedro-pinto-investigador-da-universidade-de-lisboa-faculdade-nova-de-ciencias-sociais-e-humanas\/<\/a><\/p>\n","protected":false},"excerpt":{"rendered":"<p>[ad_1] #Entrevista com Pedro Pinto, da Universidade Nova de Lisboa l&#8221;O arquivista-pale\u00f3grafo \u00e9, creio, uma acumula\u00e7\u00e3o de val\u00eancias cada vez mais rara, dado que a paleografia n\u00e3o \u00e9 necessariamente uma prioridade para a forma\u00e7\u00e3o t\u00e9cnica do #arquivista&#8221; via Archovoz archivozmagazine.org\/pt\/entrevista-\u2026 [ad_2] Acesse o item em: https:\/\/www.archivozmagazine.org\/pt\/entrevista-com-pedro-pinto-investigador-da-universidade-de-lisboa-faculdade-nova-de-ciencias-sociais-e-humanas\/<\/p>\n","protected":false},"author":1,"featured_media":0,"comment_status":"open","ping_status":"open","sticky":false,"template":"","format":"standard","meta":{"_jetpack_newsletter_access":"","_jetpack_dont_email_post_to_subs":false,"_jetpack_newsletter_tier_id":0,"_jetpack_memberships_contains_paywalled_content":false,"_jetpack_feature_clip_id":0,"_jetpack_memberships_contains_paid_content":false,"footnotes":"","jetpack_publicize_message":"","jetpack_publicize_feature_enabled":true,"jetpack_social_post_already_shared":true,"jetpack_social_options":{"image_generator_settings":{"template":"highway","default_image_id":0,"font":"","enabled":false},"version":2},"jetpack_post_was_ever_published":false},"categories":[21],"tags":[26,601],"class_list":["post-19063","post","type-post","status-publish","format-standard","hentry","category-informeci","tag-arquivistas","tag-entrevista"],"jetpack_publicize_connections":[],"jetpack_featured_media_url":"","views":"","jetpack_sharing_enabled":true,"_links":{"self":[{"href":"https:\/\/www.pedroandretta.info\/index\/wp-json\/wp\/v2\/posts\/19063","targetHints":{"allow":["GET"]}}],"collection":[{"href":"https:\/\/www.pedroandretta.info\/index\/wp-json\/wp\/v2\/posts"}],"about":[{"href":"https:\/\/www.pedroandretta.info\/index\/wp-json\/wp\/v2\/types\/post"}],"author":[{"embeddable":true,"href":"https:\/\/www.pedroandretta.info\/index\/wp-json\/wp\/v2\/users\/1"}],"replies":[{"embeddable":true,"href":"https:\/\/www.pedroandretta.info\/index\/wp-json\/wp\/v2\/comments?post=19063"}],"version-history":[{"count":0,"href":"https:\/\/www.pedroandretta.info\/index\/wp-json\/wp\/v2\/posts\/19063\/revisions"}],"wp:attachment":[{"href":"https:\/\/www.pedroandretta.info\/index\/wp-json\/wp\/v2\/media?parent=19063"}],"wp:term":[{"taxonomy":"category","embeddable":true,"href":"https:\/\/www.pedroandretta.info\/index\/wp-json\/wp\/v2\/categories?post=19063"},{"taxonomy":"post_tag","embeddable":true,"href":"https:\/\/www.pedroandretta.info\/index\/wp-json\/wp\/v2\/tags?post=19063"}],"curies":[{"name":"wp","href":"https:\/\/api.w.org\/{rel}","templated":true}]}}