{"id":19086,"date":"2023-02-22T13:55:11","date_gmt":"2023-02-22T17:55:11","guid":{"rendered":"https:\/\/www.pedroandretta.info\/index\/2023\/02\/22\/bibliotecas-como-principais-fontes-de-conhecimento-e-inclusao-l-conheca-iniciati\/"},"modified":"2023-02-22T13:55:11","modified_gmt":"2023-02-22T17:55:11","slug":"bibliotecas-como-principais-fontes-de-conhecimento-e-inclusao-l-conheca-iniciati","status":"publish","type":"post","link":"https:\/\/www.pedroandretta.info\/index\/2023\/02\/bibliotecas-como-principais-fontes-de-conhecimento-e-inclusao-l-conheca-iniciati\/","title":{"rendered":"Bibliotecas como principais fontes de conhecimento e inclus\u00e3o l Conhe\u00e7a iniciati&#8230;"},"content":{"rendered":"<p>[ad_1]<\/p>\n<p>Bibliotecas como principais fontes de conhecimento e inclus\u00e3o l Conhe\u00e7a iniciativas da Biblioteca Energia do Conhecimento, e das Bibliotecas P\u00fablicas de Varginha,  Adelpho Poli Monjardim e Xanxer\u00ea! #Bibliotecas #BoasPr\u00e1ticas  via Informap\u00e9dia <a href=\"https:\/\/informapedia.github.io\/\/boasPraticas\/2023\/02\/10\/Bibliotecas-como-principais-fontes-de-conhecimento-e-inclus%C3%A3o\" target=\"_blank\" rel=\"noopener\">informapedia.github.io\/\/boasPraticas\/\u2026<\/a><br \/>\n[ad_2]<br \/>\n<br \/>Acesse o item em: <a href=\"https:\/\/informapedia.github.io\/\/boasPraticas\/2023\/02\/10\/Bibliotecas-como-principais-fontes-de-conhecimento-e-inclus%C3%A3o\">https:\/\/informapedia.github.io\/\/boasPraticas\/2023\/02\/10\/Bibliotecas-como-principais-fontes-de-conhecimento-e-inclus%C3%A3o<\/a><\/p>\n","protected":false},"excerpt":{"rendered":"<p>[ad_1] Bibliotecas como principais fontes de conhecimento e inclus\u00e3o l Conhe\u00e7a iniciativas da Biblioteca Energia do Conhecimento, e das Bibliotecas P\u00fablicas de Varginha, Adelpho Poli Monjardim e Xanxer\u00ea! #Bibliotecas #BoasPr\u00e1ticas via Informap\u00e9dia informapedia.github.io\/\/boasPraticas\/\u2026 [ad_2] Acesse o item em: https:\/\/informapedia.github.io\/\/boasPraticas\/2023\/02\/10\/Bibliotecas-como-principais-fontes-de-conhecimento-e-inclus%C3%A3o<\/p>\n","protected":false},"author":1,"featured_media":0,"comment_status":"open","ping_status":"open","sticky":false,"template":"","format":"standard","meta":{"_jetpack_memberships_contains_paid_content":false,"footnotes":"","jetpack_publicize_message":"","jetpack_publicize_feature_enabled":true,"jetpack_social_post_already_shared":true,"jetpack_social_options":{"image_generator_settings":{"template":"highway","default_image_id":0,"font":"","enabled":false},"version":2}},"categories":[21],"tags":[38,377],"class_list":["post-19086","post","type-post","status-publish","format-standard","hentry","category-informeci","tag-bibliotecas","tag-boaspraticas"],"jetpack_publicize_connections":[],"jetpack_featured_media_url":"","views":"","jetpack_sharing_enabled":true,"_links":{"self":[{"href":"https:\/\/www.pedroandretta.info\/index\/wp-json\/wp\/v2\/posts\/19086","targetHints":{"allow":["GET"]}}],"collection":[{"href":"https:\/\/www.pedroandretta.info\/index\/wp-json\/wp\/v2\/posts"}],"about":[{"href":"https:\/\/www.pedroandretta.info\/index\/wp-json\/wp\/v2\/types\/post"}],"author":[{"embeddable":true,"href":"https:\/\/www.pedroandretta.info\/index\/wp-json\/wp\/v2\/users\/1"}],"replies":[{"embeddable":true,"href":"https:\/\/www.pedroandretta.info\/index\/wp-json\/wp\/v2\/comments?post=19086"}],"version-history":[{"count":0,"href":"https:\/\/www.pedroandretta.info\/index\/wp-json\/wp\/v2\/posts\/19086\/revisions"}],"wp:attachment":[{"href":"https:\/\/www.pedroandretta.info\/index\/wp-json\/wp\/v2\/media?parent=19086"}],"wp:term":[{"taxonomy":"category","embeddable":true,"href":"https:\/\/www.pedroandretta.info\/index\/wp-json\/wp\/v2\/categories?post=19086"},{"taxonomy":"post_tag","embeddable":true,"href":"https:\/\/www.pedroandretta.info\/index\/wp-json\/wp\/v2\/tags?post=19086"}],"curies":[{"name":"wp","href":"https:\/\/api.w.org\/{rel}","templated":true}]}}