{"id":19088,"date":"2023-02-23T13:59:47","date_gmt":"2023-02-23T17:59:47","guid":{"rendered":"https:\/\/www.pedroandretta.info\/index\/2023\/02\/23\/artifact-rede-social-dos-cofundadores-do-instagram-e-oficialmente-lancada-l-ar\/"},"modified":"2023-02-23T13:59:47","modified_gmt":"2023-02-23T17:59:47","slug":"artifact-rede-social-dos-cofundadores-do-instagram-e-oficialmente-lancada-l-ar","status":"publish","type":"post","link":"https:\/\/www.pedroandretta.info\/index\/2023\/02\/artifact-rede-social-dos-cofundadores-do-instagram-e-oficialmente-lancada-l-ar\/","title":{"rendered":"Artifact: rede social dos cofundadores do Instagram \u00e9 oficialmente lan\u00e7ada l \u201cAr&#8230;"},"content":{"rendered":"<p>[ad_1]<\/p>\n<p>Artifact: rede social dos cofundadores do Instagram \u00e9 oficialmente lan\u00e7ada l \u201cArtifact \u00e9 um feed de not\u00edcias personalizado que usa aprendizado de m\u00e1quina para entender seus interesses e prioriz\u00e1-los na tela.\u201d #Artifact #M\u00eddiasSociais via Olhar Digital <a href=\"https:\/\/olhardigital.com.br\/2023\/02\/23\/internet-e-redes-sociais\/artifact-rede-social-dos-cofundadores-do-instagram-e-oficialmente-lancada\/\" target=\"_blank\" rel=\"noopener\">olhardigital.com.br\/2023\/02\/23\/int\u2026<\/a><br \/>\n[ad_2]<br \/>\n<br \/>Acesse o item em: <a href=\"https:\/\/olhardigital.com.br\/2023\/02\/23\/internet-e-redes-sociais\/artifact-rede-social-dos-cofundadores-do-instagram-e-oficialmente-lancada\/\">https:\/\/olhardigital.com.br\/2023\/02\/23\/internet-e-redes-sociais\/artifact-rede-social-dos-cofundadores-do-instagram-e-oficialmente-lancada\/<\/a><\/p>\n","protected":false},"excerpt":{"rendered":"<p>[ad_1] Artifact: rede social dos cofundadores do Instagram \u00e9 oficialmente lan\u00e7ada l \u201cArtifact \u00e9 um feed de not\u00edcias personalizado que usa aprendizado de m\u00e1quina para entender seus interesses e prioriz\u00e1-los na tela.\u201d #Artifact #M\u00eddiasSociais via Olhar Digital olhardigital.com.br\/2023\/02\/23\/int\u2026 [ad_2] Acesse o item em: https:\/\/olhardigital.com.br\/2023\/02\/23\/internet-e-redes-sociais\/artifact-rede-social-dos-cofundadores-do-instagram-e-oficialmente-lancada\/<\/p>\n","protected":false},"author":1,"featured_media":0,"comment_status":"open","ping_status":"open","sticky":false,"template":"","format":"standard","meta":{"_jetpack_memberships_contains_paid_content":false,"footnotes":"","jetpack_publicize_message":"","jetpack_publicize_feature_enabled":true,"jetpack_social_post_already_shared":true,"jetpack_social_options":{"image_generator_settings":{"template":"highway","default_image_id":0,"font":"","enabled":false},"version":2}},"categories":[21],"tags":[3462,794],"class_list":["post-19088","post","type-post","status-publish","format-standard","hentry","category-informeci","tag-artifact","tag-midiassociais"],"jetpack_publicize_connections":[],"jetpack_featured_media_url":"","views":"","jetpack_sharing_enabled":true,"_links":{"self":[{"href":"https:\/\/www.pedroandretta.info\/index\/wp-json\/wp\/v2\/posts\/19088","targetHints":{"allow":["GET"]}}],"collection":[{"href":"https:\/\/www.pedroandretta.info\/index\/wp-json\/wp\/v2\/posts"}],"about":[{"href":"https:\/\/www.pedroandretta.info\/index\/wp-json\/wp\/v2\/types\/post"}],"author":[{"embeddable":true,"href":"https:\/\/www.pedroandretta.info\/index\/wp-json\/wp\/v2\/users\/1"}],"replies":[{"embeddable":true,"href":"https:\/\/www.pedroandretta.info\/index\/wp-json\/wp\/v2\/comments?post=19088"}],"version-history":[{"count":0,"href":"https:\/\/www.pedroandretta.info\/index\/wp-json\/wp\/v2\/posts\/19088\/revisions"}],"wp:attachment":[{"href":"https:\/\/www.pedroandretta.info\/index\/wp-json\/wp\/v2\/media?parent=19088"}],"wp:term":[{"taxonomy":"category","embeddable":true,"href":"https:\/\/www.pedroandretta.info\/index\/wp-json\/wp\/v2\/categories?post=19088"},{"taxonomy":"post_tag","embeddable":true,"href":"https:\/\/www.pedroandretta.info\/index\/wp-json\/wp\/v2\/tags?post=19088"}],"curies":[{"name":"wp","href":"https:\/\/api.w.org\/{rel}","templated":true}]}}