{"id":19095,"date":"2023-02-23T14:15:24","date_gmt":"2023-02-23T18:15:24","guid":{"rendered":"https:\/\/www.pedroandretta.info\/index\/2023\/02\/23\/a-fome-e-doenca-social-e-precisa-ser-abordada-a-partir-de-intervencoes-economica\/"},"modified":"2023-02-23T14:15:24","modified_gmt":"2023-02-23T18:15:24","slug":"a-fome-e-doenca-social-e-precisa-ser-abordada-a-partir-de-intervencoes-economica","status":"publish","type":"post","link":"https:\/\/www.pedroandretta.info\/index\/2023\/02\/a-fome-e-doenca-social-e-precisa-ser-abordada-a-partir-de-intervencoes-economica\/","title":{"rendered":"A fome \u00e9 doen\u00e7a social e precisa ser abordada a partir de interven\u00e7\u00f5es econ\u00f4mica&#8230;"},"content":{"rendered":"<p>[ad_1]<\/p>\n<p>A fome \u00e9 doen\u00e7a social e precisa ser abordada a partir de interven\u00e7\u00f5es econ\u00f4micas, pol\u00edticas, ambientais, culturais e sociais\u2026l #Entrevista com Elaine de Azevedo, do Departamento de Ci\u00eancias Sociais da Universidade Federal do Esp\u00edrito Santo. #Fome via IHU <a href=\"https:\/\/www.ihu.unisinos.br\/categorias\/159-entrevistas\/626357-fome-uma-doenca-social-entrevista-especial-com-elaine-de-azevedo\" target=\"_blank\" rel=\"noopener\">ihu.unisinos.br\/categorias\/159\u2026<\/a><br \/>\n[ad_2]<br \/>\n<br \/>Acesse o item em: <a href=\"https:\/\/www.ihu.unisinos.br\/categorias\/159-entrevistas\/626357-fome-uma-doenca-social-entrevista-especial-com-elaine-de-azevedo\">https:\/\/www.ihu.unisinos.br\/categorias\/159-entrevistas\/626357-fome-uma-doenca-social-entrevista-especial-com-elaine-de-azevedo<\/a><\/p>\n","protected":false},"excerpt":{"rendered":"<p>[ad_1] A fome \u00e9 doen\u00e7a social e precisa ser abordada a partir de interven\u00e7\u00f5es econ\u00f4micas, pol\u00edticas, ambientais, culturais e sociais\u2026l #Entrevista com Elaine de Azevedo, do Departamento de Ci\u00eancias Sociais da Universidade Federal do Esp\u00edrito Santo. #Fome via IHU ihu.unisinos.br\/categorias\/159\u2026 [ad_2] Acesse o item em: https:\/\/www.ihu.unisinos.br\/categorias\/159-entrevistas\/626357-fome-uma-doenca-social-entrevista-especial-com-elaine-de-azevedo<\/p>\n","protected":false},"author":1,"featured_media":0,"comment_status":"open","ping_status":"open","sticky":false,"template":"","format":"standard","meta":{"_jetpack_memberships_contains_paid_content":false,"footnotes":"","jetpack_publicize_message":"","jetpack_publicize_feature_enabled":true,"jetpack_social_post_already_shared":true,"jetpack_social_options":{"image_generator_settings":{"template":"highway","default_image_id":0,"font":"","enabled":false},"version":2}},"categories":[21],"tags":[601,2366],"class_list":["post-19095","post","type-post","status-publish","format-standard","hentry","category-informeci","tag-entrevista","tag-fome"],"jetpack_publicize_connections":[],"jetpack_featured_media_url":"","views":"","jetpack_sharing_enabled":true,"_links":{"self":[{"href":"https:\/\/www.pedroandretta.info\/index\/wp-json\/wp\/v2\/posts\/19095","targetHints":{"allow":["GET"]}}],"collection":[{"href":"https:\/\/www.pedroandretta.info\/index\/wp-json\/wp\/v2\/posts"}],"about":[{"href":"https:\/\/www.pedroandretta.info\/index\/wp-json\/wp\/v2\/types\/post"}],"author":[{"embeddable":true,"href":"https:\/\/www.pedroandretta.info\/index\/wp-json\/wp\/v2\/users\/1"}],"replies":[{"embeddable":true,"href":"https:\/\/www.pedroandretta.info\/index\/wp-json\/wp\/v2\/comments?post=19095"}],"version-history":[{"count":0,"href":"https:\/\/www.pedroandretta.info\/index\/wp-json\/wp\/v2\/posts\/19095\/revisions"}],"wp:attachment":[{"href":"https:\/\/www.pedroandretta.info\/index\/wp-json\/wp\/v2\/media?parent=19095"}],"wp:term":[{"taxonomy":"category","embeddable":true,"href":"https:\/\/www.pedroandretta.info\/index\/wp-json\/wp\/v2\/categories?post=19095"},{"taxonomy":"post_tag","embeddable":true,"href":"https:\/\/www.pedroandretta.info\/index\/wp-json\/wp\/v2\/tags?post=19095"}],"curies":[{"name":"wp","href":"https:\/\/api.w.org\/{rel}","templated":true}]}}